{"id":9200,"date":"2020-01-21T17:44:38","date_gmt":"2020-01-21T17:44:38","guid":{"rendered":"https:\/\/www.radiopresidenteibanez.cl\/web\/?p=9200"},"modified":"2020-01-21T17:44:42","modified_gmt":"2020-01-21T17:44:42","slug":"juan-hermocilla-ryks-ingeniero-comercial-y-contador-auditor-realizara-charla-en-feria-de-rehabilitacion-empresarial","status":"publish","type":"post","link":"https:\/\/www.radiopresidenteibanez.cl\/web\/juan-hermocilla-ryks-ingeniero-comercial-y-contador-auditor-realizara-charla-en-feria-de-rehabilitacion-empresarial\/","title":{"rendered":"JUAN HERMOCILLA RYKS, INGENIERO COMERCIAL Y CONTADOR AUDITOR REALIZAR\u00c1 CHARLA EN FERIA DE REHABILITACI\u00d3N EMPRESARIAL"},"content":{"rendered":"\n<p>El destacado Ingeniero Comercial y Contador Auditor, Juan Hermocilla Riks, realizar\u00e1 una charla sobre Tributaci\u00f3n B\u00e1sica, esta se realizar\u00e1 en la Feria de Rehabilitaci\u00f3n Empresarial que se encuentra realizando Fuerza PYME, en dependencias del Liceo Mar\u00eda Behety, el valor de la entrada es de $500 mientras que ni\u00f1os\/as y adultos mayores no pagan entrada.<\/p>\n\n\n\n<p><\/p>\n","protected":false},"excerpt":{"rendered":"<p>El destacado Ingeniero Comercial y Contador Auditor, Juan Hermocilla Riks, realizar\u00e1 una charla sobre Tributaci\u00f3n B\u00e1sica, esta se realizar\u00e1 en la Feria de Rehabilitaci\u00f3n Empresarial que se encuentra realizando Fuerza&#8230; <a class=\"read-more\" href=\"https:\/\/www.radiopresidenteibanez.cl\/web\/juan-hermocilla-ryks-ingeniero-comercial-y-contador-auditor-realizara-charla-en-feria-de-rehabilitacion-empresarial\/\">Leer m\u00e1s<\/a><\/p>\n","protected":false},"author":2,"featured_media":9201,"comment_status":"closed","ping_status":"closed","sticky":false,"template":"","format":"standard","meta":{"footnotes":""},"categories":[1],"tags":[],"class_list":["post-9200","post","type-post","status-publish","format-standard","has-post-thumbnail","hentry","category-cronica"],"_links":{"self":[{"href":"https:\/\/www.radiopresidenteibanez.cl\/web\/wp-json\/wp\/v2\/posts\/9200","targetHints":{"allow":["GET"]}}],"collection":[{"href":"https:\/\/www.radiopresidenteibanez.cl\/web\/wp-json\/wp\/v2\/posts"}],"about":[{"href":"https:\/\/www.radiopresidenteibanez.cl\/web\/wp-json\/wp\/v2\/types\/post"}],"author":[{"embeddable":true,"href":"https:\/\/www.radiopresidenteibanez.cl\/web\/wp-json\/wp\/v2\/users\/2"}],"replies":[{"embeddable":true,"href":"https:\/\/www.radiopresidenteibanez.cl\/web\/wp-json\/wp\/v2\/comments?post=9200"}],"version-history":[{"count":0,"href":"https:\/\/www.radiopresidenteibanez.cl\/web\/wp-json\/wp\/v2\/posts\/9200\/revisions"}],"wp:featuredmedia":[{"embeddable":true,"href":"https:\/\/www.radiopresidenteibanez.cl\/web\/wp-json\/wp\/v2\/media\/9201"}],"wp:attachment":[{"href":"https:\/\/www.radiopresidenteibanez.cl\/web\/wp-json\/wp\/v2\/media?parent=9200"}],"wp:term":[{"taxonomy":"category","embeddable":true,"href":"https:\/\/www.radiopresidenteibanez.cl\/web\/wp-json\/wp\/v2\/categories?post=9200"},{"taxonomy":"post_tag","embeddable":true,"href":"https:\/\/www.radiopresidenteibanez.cl\/web\/wp-json\/wp\/v2\/tags?post=9200"}],"curies":[{"name":"wp","href":"https:\/\/api.w.org\/{rel}","templated":true}]}}