{"id":9197,"date":"2020-01-21T16:31:16","date_gmt":"2020-01-21T16:31:16","guid":{"rendered":"https:\/\/www.radiopresidenteibanez.cl\/web\/?p=9197"},"modified":"2020-01-21T16:31:21","modified_gmt":"2020-01-21T16:31:21","slug":"mutual-de-seguridad-por-septimo-ano-trabajadores-aguas-magallanes-destacan-a-nivel-regional-en-seguridad-y-salud-laboral","status":"publish","type":"post","link":"https:\/\/www.radiopresidenteibanez.cl\/web\/mutual-de-seguridad-por-septimo-ano-trabajadores-aguas-magallanes-destacan-a-nivel-regional-en-seguridad-y-salud-laboral\/","title":{"rendered":"MUTUAL DE SEGURIDAD: POR S\u00c9PTIMO A\u00d1O, TRABAJADORES AGUAS MAGALLANES DESTACAN A NIVEL REGIONAL EN SEGURIDAD Y SALUD LABORAL"},"content":{"rendered":"\n<p>Por s\u00e9ptimo a\u00f1o consecutivo, Aguas Magallanes recibi\u00f3 el reconocimiento PEC, \u201cPremio Empresa Competitiva\u201d, otorgado por la Mutual de Seguridad, al conseguir una posici\u00f3n de liderazgo -a nivel regional- en materia de seguridad y salud laboral.<\/p>\n\n\n\n<p>Luis Bradasic, gerente de Mutual de Seguridad Punta Arenas, detall\u00f3 que la certificaci\u00f3n PEC de excelencia entregada a la compa\u00f1\u00eda significa que esta cumple con los m\u00e1s altos est\u00e1ndares de calidad, enfocados hacia la seguridad de los trabajadores. \u201cPara nosotros es motivo de orgullo porque es la \u00fanica empresa con un sistema de gesti\u00f3n de excelencia y adem\u00e1s&nbsp;recertificados&nbsp;por s\u00e9ptima vez, lo que habla de est\u00e1ndares de calidad alt\u00edsimos\u201d, afirm\u00f3.<\/p>\n\n\n\n<p>Por su parte,&nbsp; Aguas Magallanes, a trav\u00e9s de su Comit\u00e9 Paritario, obtuvo la recertificaci\u00f3n ORO, categor\u00eda que la confirma como una organizaci\u00f3n que cumple con todos los est\u00e1ndares de seguridad y salud en el trabajo.<\/p>\n\n\n\n<p>\u201cLo que nos pone m\u00e1s contentos es que nuestros trabajadores han entendido que la seguridad comienza con el autocuidado y la autoconciencia. Podemos invertir en los mejores equipos de seguridad, en los mejores elementos de protecci\u00f3n de personas, pero si no se comprendiera la importancia de su utilizaci\u00f3n, estar\u00edamos haciendo mal nuestro trabajo. Por ello, la Mutual nos reconoce a trav\u00e9s de este programa PEC de excelencia\u201d, se\u00f1al\u00f3 Christian Adema Galetovic, Gerente Regional de Aguas Magallanes.<\/p>\n\n\n\n<p>Para Adema, el desaf\u00edo es mantener el alto y exigente est\u00e1ndar en materia de seguridad y salud, concentrados en el autocuidado, al igual que extender el trabajo que se ha ido desarrollando, hacia los contratistas.<\/p>\n\n\n\n<p>En la fotograf\u00eda: Luis Bradasic,&nbsp;gerente de Mutual de Seguridad Punta Arenas,&nbsp;Adriana Agullo, encargada de Prevenci\u00f3n Aguas Magallanes; Christian Adema, gerente regional Aguas Magallanes;&nbsp;Paola \u00c1lvarez,&nbsp;jefa de Prevenci\u00f3n&nbsp;Mutual de Seguridad&nbsp;y Johanna Reyes, subgerenta de Operaciones Aguas Magallanes.<br><\/p>\n","protected":false},"excerpt":{"rendered":"<p>Por s\u00e9ptimo a\u00f1o consecutivo, Aguas Magallanes recibi\u00f3 el reconocimiento PEC, \u201cPremio Empresa Competitiva\u201d, otorgado por la Mutual de Seguridad, al conseguir una posici\u00f3n de liderazgo -a nivel regional- en materia&#8230; <a class=\"read-more\" href=\"https:\/\/www.radiopresidenteibanez.cl\/web\/mutual-de-seguridad-por-septimo-ano-trabajadores-aguas-magallanes-destacan-a-nivel-regional-en-seguridad-y-salud-laboral\/\">Leer m\u00e1s<\/a><\/p>\n","protected":false},"author":2,"featured_media":9198,"comment_status":"closed","ping_status":"closed","sticky":false,"template":"","format":"standard","meta":{"footnotes":""},"categories":[1],"tags":[],"class_list":["post-9197","post","type-post","status-publish","format-standard","has-post-thumbnail","hentry","category-cronica"],"_links":{"self":[{"href":"https:\/\/www.radiopresidenteibanez.cl\/web\/wp-json\/wp\/v2\/posts\/9197","targetHints":{"allow":["GET"]}}],"collection":[{"href":"https:\/\/www.radiopresidenteibanez.cl\/web\/wp-json\/wp\/v2\/posts"}],"about":[{"href":"https:\/\/www.radiopresidenteibanez.cl\/web\/wp-json\/wp\/v2\/types\/post"}],"author":[{"embeddable":true,"href":"https:\/\/www.radiopresidenteibanez.cl\/web\/wp-json\/wp\/v2\/users\/2"}],"replies":[{"embeddable":true,"href":"https:\/\/www.radiopresidenteibanez.cl\/web\/wp-json\/wp\/v2\/comments?post=9197"}],"version-history":[{"count":0,"href":"https:\/\/www.radiopresidenteibanez.cl\/web\/wp-json\/wp\/v2\/posts\/9197\/revisions"}],"wp:featuredmedia":[{"embeddable":true,"href":"https:\/\/www.radiopresidenteibanez.cl\/web\/wp-json\/wp\/v2\/media\/9198"}],"wp:attachment":[{"href":"https:\/\/www.radiopresidenteibanez.cl\/web\/wp-json\/wp\/v2\/media?parent=9197"}],"wp:term":[{"taxonomy":"category","embeddable":true,"href":"https:\/\/www.radiopresidenteibanez.cl\/web\/wp-json\/wp\/v2\/categories?post=9197"},{"taxonomy":"post_tag","embeddable":true,"href":"https:\/\/www.radiopresidenteibanez.cl\/web\/wp-json\/wp\/v2\/tags?post=9197"}],"curies":[{"name":"wp","href":"https:\/\/api.w.org\/{rel}","templated":true}]}}