{"id":9190,"date":"2020-01-20T23:51:35","date_gmt":"2020-01-20T23:51:35","guid":{"rendered":"https:\/\/www.radiopresidenteibanez.cl\/web\/?p=9190"},"modified":"2020-01-20T23:51:39","modified_gmt":"2020-01-20T23:51:39","slug":"colision-con-posterior-volcamiento-se-produjo-en-el-centro-de-punta-arenas","status":"publish","type":"post","link":"https:\/\/www.radiopresidenteibanez.cl\/web\/colision-con-posterior-volcamiento-se-produjo-en-el-centro-de-punta-arenas\/","title":{"rendered":"COLISI\u00d3N CON POSTERIOR VOLCAMIENTO SE PRODUJO EN EL CENTRO DE PUNTA ARENAS"},"content":{"rendered":"\n<p>En las intersecciones de las calles Armando Sanhueza con Balmaceda se produjo una colisi\u00f3n entre un cami\u00f3n porter y una camioneta doble cabina, en la oportunidad esta \u00faltima que iba bajando de cerro a playa resulto volcada por el impacto.<\/p>\n\n\n\n<p>Afortunadamente no resultaron personas lesionadas solo da\u00f1os materiales, hasta el lugar debi\u00f3 concurrir personal de Carabineros quienes  tomaron el procedimiento de rigor.<\/p>\n\n\n\n<p>imagen cedida.<\/p>\n","protected":false},"excerpt":{"rendered":"<p>En las intersecciones de las calles Armando Sanhueza con Balmaceda se produjo una colisi\u00f3n entre un cami\u00f3n porter y una camioneta doble cabina, en la oportunidad esta \u00faltima que iba&#8230; <a class=\"read-more\" href=\"https:\/\/www.radiopresidenteibanez.cl\/web\/colision-con-posterior-volcamiento-se-produjo-en-el-centro-de-punta-arenas\/\">Leer m\u00e1s<\/a><\/p>\n","protected":false},"author":2,"featured_media":9191,"comment_status":"closed","ping_status":"closed","sticky":false,"template":"","format":"standard","meta":{"footnotes":""},"categories":[1],"tags":[],"class_list":["post-9190","post","type-post","status-publish","format-standard","has-post-thumbnail","hentry","category-cronica"],"_links":{"self":[{"href":"https:\/\/www.radiopresidenteibanez.cl\/web\/wp-json\/wp\/v2\/posts\/9190","targetHints":{"allow":["GET"]}}],"collection":[{"href":"https:\/\/www.radiopresidenteibanez.cl\/web\/wp-json\/wp\/v2\/posts"}],"about":[{"href":"https:\/\/www.radiopresidenteibanez.cl\/web\/wp-json\/wp\/v2\/types\/post"}],"author":[{"embeddable":true,"href":"https:\/\/www.radiopresidenteibanez.cl\/web\/wp-json\/wp\/v2\/users\/2"}],"replies":[{"embeddable":true,"href":"https:\/\/www.radiopresidenteibanez.cl\/web\/wp-json\/wp\/v2\/comments?post=9190"}],"version-history":[{"count":0,"href":"https:\/\/www.radiopresidenteibanez.cl\/web\/wp-json\/wp\/v2\/posts\/9190\/revisions"}],"wp:featuredmedia":[{"embeddable":true,"href":"https:\/\/www.radiopresidenteibanez.cl\/web\/wp-json\/wp\/v2\/media\/9191"}],"wp:attachment":[{"href":"https:\/\/www.radiopresidenteibanez.cl\/web\/wp-json\/wp\/v2\/media?parent=9190"}],"wp:term":[{"taxonomy":"category","embeddable":true,"href":"https:\/\/www.radiopresidenteibanez.cl\/web\/wp-json\/wp\/v2\/categories?post=9190"},{"taxonomy":"post_tag","embeddable":true,"href":"https:\/\/www.radiopresidenteibanez.cl\/web\/wp-json\/wp\/v2\/tags?post=9190"}],"curies":[{"name":"wp","href":"https:\/\/api.w.org\/{rel}","templated":true}]}}