{"id":9185,"date":"2020-01-20T23:43:16","date_gmt":"2020-01-20T23:43:16","guid":{"rendered":"https:\/\/www.radiopresidenteibanez.cl\/web\/?p=9185"},"modified":"2020-01-20T23:43:20","modified_gmt":"2020-01-20T23:43:20","slug":"el-productor-y-dj-neerlandes-martin-garrix-realizo-parada-por-punta-arenas-antes-de-su-viaje-a-la-antartica","status":"publish","type":"post","link":"https:\/\/www.radiopresidenteibanez.cl\/web\/el-productor-y-dj-neerlandes-martin-garrix-realizo-parada-por-punta-arenas-antes-de-su-viaje-a-la-antartica\/","title":{"rendered":"EL PRODUCTOR Y DJ NEERLAND\u00c9S MARTIN GARRIX REALIZ\u00d3 PARADA POR PUNTA ARENAS ANTES DE SU VIAJE A LA ANT\u00c1RTICA"},"content":{"rendered":"\n<p>Martijn Gerard Garritsen, m\u00e1s conocido como Martin Garrix,\nDJ y productor neerland\u00e9s fundador del sello STMPD RCRDS. Es uno de los DJ&#8217;s\nm\u00e1s importantes del mundo, as\u00ed lo dio a conocer la revista DJ Magazine quienes\nen el a\u00f1o 2018 lo ubicaron en el n\u00famero 1, mientras que el 2019 en el segundo\nlugar.<\/p>\n\n\n\n<p>Su \u00e9xito comenz\u00f3 con el lanzamiento de la canci\u00f3n\n\u00abAnimals\u00bb, el 17 de junio de 2013 por la discogr\u00e1fica Spinnin&#8217;\nRecords. La canci\u00f3n alcanz\u00f3 el puesto #1 en B\u00e9lgica y en Reino Unido, y el\npuesto #3 en Irlanda. El sencillo Wizard, producido con Jay Hardway, tambi\u00e9n\nfue un \u00e9xito en numerosos pa\u00edses en el a\u00f1o 2013.<\/p>\n\n\n\n<p>Garrix a realizado colaboraciones musicales con grandes m\u00fasicos\ny cantantes del mundo, as\u00ed tambi\u00e9n a tenido participaciones en grandes eventos.<\/p>\n\n\n\n<p>Las y los fans magall\u00e1nicos del DJ se percataron de su\nvisita a la ciudad capital de Magallanes a trav\u00e9s de una historia en su red\nsocial de Instagram, en donde se encontraba hospedado en el Hotel Cabo de\nHornos, junto a su familia y dos guardaespaldas.<\/p>\n\n\n\n<p>Pasada las 04:00 horas de esta madrugada Martin Garrix, viaj\u00f3 hasta la Ant\u00e1rtica, lo que dio a conocer a trav\u00e9s de la misma red social antes mencionada. <\/p>\n\n\n\n<figure class=\"wp-block-gallery columns-2 is-cropped wp-block-gallery-1 is-layout-flex wp-block-gallery-is-layout-flex\"><ul class=\"blocks-gallery-grid\"><li class=\"blocks-gallery-item\"><figure><img loading=\"lazy\" decoding=\"async\" width=\"612\" height=\"1024\" src=\"https:\/\/www.radiopresidenteibanez.cl\/web\/wp-content\/uploads\/2020\/01\/Screenshot_20200120-203518-612x1024.jpg\" alt=\"\" data-id=\"9186\" data-full-url=\"https:\/\/www.radiopresidenteibanez.cl\/web\/wp-content\/uploads\/2020\/01\/Screenshot_20200120-203518.jpg\" data-link=\"https:\/\/www.radiopresidenteibanez.cl\/web\/?attachment_id=9186\" class=\"wp-image-9186\" srcset=\"https:\/\/www.radiopresidenteibanez.cl\/web\/wp-content\/uploads\/2020\/01\/Screenshot_20200120-203518-612x1024.jpg 612w, https:\/\/www.radiopresidenteibanez.cl\/web\/wp-content\/uploads\/2020\/01\/Screenshot_20200120-203518-179x300.jpg 179w, https:\/\/www.radiopresidenteibanez.cl\/web\/wp-content\/uploads\/2020\/01\/Screenshot_20200120-203518-768x1285.jpg 768w, https:\/\/www.radiopresidenteibanez.cl\/web\/wp-content\/uploads\/2020\/01\/Screenshot_20200120-203518-918x1536.jpg 918w, https:\/\/www.radiopresidenteibanez.cl\/web\/wp-content\/uploads\/2020\/01\/Screenshot_20200120-203518.jpg 1057w\" sizes=\"auto, (max-width: 612px) 100vw, 612px\" \/><\/figure><\/li><li class=\"blocks-gallery-item\"><figure><img loading=\"lazy\" decoding=\"async\" width=\"629\" height=\"1024\" src=\"https:\/\/www.radiopresidenteibanez.cl\/web\/wp-content\/uploads\/2020\/01\/Screenshot_20200120-203525-629x1024.jpg\" alt=\"\" data-id=\"9187\" data-full-url=\"https:\/\/www.radiopresidenteibanez.cl\/web\/wp-content\/uploads\/2020\/01\/Screenshot_20200120-203525.jpg\" data-link=\"https:\/\/www.radiopresidenteibanez.cl\/web\/?attachment_id=9187\" class=\"wp-image-9187\" srcset=\"https:\/\/www.radiopresidenteibanez.cl\/web\/wp-content\/uploads\/2020\/01\/Screenshot_20200120-203525-629x1024.jpg 629w, https:\/\/www.radiopresidenteibanez.cl\/web\/wp-content\/uploads\/2020\/01\/Screenshot_20200120-203525-184x300.jpg 184w, https:\/\/www.radiopresidenteibanez.cl\/web\/wp-content\/uploads\/2020\/01\/Screenshot_20200120-203525-768x1250.jpg 768w, https:\/\/www.radiopresidenteibanez.cl\/web\/wp-content\/uploads\/2020\/01\/Screenshot_20200120-203525-944x1536.jpg 944w, https:\/\/www.radiopresidenteibanez.cl\/web\/wp-content\/uploads\/2020\/01\/Screenshot_20200120-203525.jpg 1075w\" sizes=\"auto, (max-width: 629px) 100vw, 629px\" \/><\/figure><\/li><\/ul><\/figure>\n","protected":false},"excerpt":{"rendered":"<p>Martijn Gerard Garritsen, m\u00e1s conocido como Martin Garrix, DJ y productor neerland\u00e9s fundador del sello STMPD RCRDS. Es uno de los DJ&#8217;s m\u00e1s importantes del mundo, as\u00ed lo dio a&#8230; <a class=\"read-more\" href=\"https:\/\/www.radiopresidenteibanez.cl\/web\/el-productor-y-dj-neerlandes-martin-garrix-realizo-parada-por-punta-arenas-antes-de-su-viaje-a-la-antartica\/\">Leer m\u00e1s<\/a><\/p>\n","protected":false},"author":2,"featured_media":9188,"comment_status":"closed","ping_status":"closed","sticky":false,"template":"","format":"standard","meta":{"footnotes":""},"categories":[4],"tags":[],"class_list":["post-9185","post","type-post","status-publish","format-standard","has-post-thumbnail","hentry","category-entretenimiento-y-cultura"],"_links":{"self":[{"href":"https:\/\/www.radiopresidenteibanez.cl\/web\/wp-json\/wp\/v2\/posts\/9185","targetHints":{"allow":["GET"]}}],"collection":[{"href":"https:\/\/www.radiopresidenteibanez.cl\/web\/wp-json\/wp\/v2\/posts"}],"about":[{"href":"https:\/\/www.radiopresidenteibanez.cl\/web\/wp-json\/wp\/v2\/types\/post"}],"author":[{"embeddable":true,"href":"https:\/\/www.radiopresidenteibanez.cl\/web\/wp-json\/wp\/v2\/users\/2"}],"replies":[{"embeddable":true,"href":"https:\/\/www.radiopresidenteibanez.cl\/web\/wp-json\/wp\/v2\/comments?post=9185"}],"version-history":[{"count":0,"href":"https:\/\/www.radiopresidenteibanez.cl\/web\/wp-json\/wp\/v2\/posts\/9185\/revisions"}],"wp:featuredmedia":[{"embeddable":true,"href":"https:\/\/www.radiopresidenteibanez.cl\/web\/wp-json\/wp\/v2\/media\/9188"}],"wp:attachment":[{"href":"https:\/\/www.radiopresidenteibanez.cl\/web\/wp-json\/wp\/v2\/media?parent=9185"}],"wp:term":[{"taxonomy":"category","embeddable":true,"href":"https:\/\/www.radiopresidenteibanez.cl\/web\/wp-json\/wp\/v2\/categories?post=9185"},{"taxonomy":"post_tag","embeddable":true,"href":"https:\/\/www.radiopresidenteibanez.cl\/web\/wp-json\/wp\/v2\/tags?post=9185"}],"curies":[{"name":"wp","href":"https:\/\/api.w.org\/{rel}","templated":true}]}}