{"id":9182,"date":"2020-01-20T23:23:43","date_gmt":"2020-01-20T23:23:43","guid":{"rendered":"https:\/\/www.radiopresidenteibanez.cl\/web\/?p=9182"},"modified":"2020-01-20T23:23:46","modified_gmt":"2020-01-20T23:23:46","slug":"integrante-ejecutiva-de-la-confederacion-sindical-de-comisiones-obreras-de-espana-realizo-visita-protocolar","status":"publish","type":"post","link":"https:\/\/www.radiopresidenteibanez.cl\/web\/integrante-ejecutiva-de-la-confederacion-sindical-de-comisiones-obreras-de-espana-realizo-visita-protocolar\/","title":{"rendered":"INTEGRANTE EJECUTIVA DE  LA CONFEDERACI\u00d3N SINDICAL DE COMISIONES OBRERAS DE ESPA\u00d1A REALIZ\u00d3 VISITA PROTOCOLAR"},"content":{"rendered":"\n<p>Una visita y reuni\u00f3n protocolar sostuvo la Integrante ejecutiva, secretaria de Internacional y Cooperaci\u00f3n de la Confederaci\u00f3n Sindical de Comisiones Obreras (CC.OO), Cristina&nbsp;Faciaben&nbsp;Lacorte, quien&nbsp;lleg\u00f3 el pasado viernes (17 de enero)&nbsp;hasta la sede del Sindicato de&nbsp;Profesionales Enap&nbsp;Magallanes, acompa\u00f1ada por&nbsp;William&nbsp;Montes,&nbsp;director de la Fenatrapech.<\/p>\n\n\n\n<p>En\u00a0la oportunidad los dirigentes\u00a0intercambiaron diversos puntos de vista\u00a0sobre la actividad sindical,\u00a0desaf\u00edos para los objetivos laborales a nivel internacional y en particular el actual contexto social y laboral espa\u00f1ol.<\/p>\n\n\n\n<p>Para conocer m\u00e1s sobre la CC.OO puede ingresar al siguiente Link:\u00a0<a rel=\"noreferrer noopener\" href=\"https:\/\/www.ccoo.es\/Nuestra%C2%B7organizacion\/%C2%BFQuienes_somos*\" target=\"_blank\">https:\/\/www.ccoo.es\/Nuestra%C2%B7organizacion\/%C2%BFQuienes_somos*<\/a><\/p>\n","protected":false},"excerpt":{"rendered":"<p>Una visita y reuni\u00f3n protocolar sostuvo la Integrante ejecutiva, secretaria de Internacional y Cooperaci\u00f3n de la Confederaci\u00f3n Sindical de Comisiones Obreras (CC.OO), Cristina&nbsp;Faciaben&nbsp;Lacorte, quien&nbsp;lleg\u00f3 el pasado viernes (17 de enero)&nbsp;hasta&#8230; <a class=\"read-more\" href=\"https:\/\/www.radiopresidenteibanez.cl\/web\/integrante-ejecutiva-de-la-confederacion-sindical-de-comisiones-obreras-de-espana-realizo-visita-protocolar\/\">Leer m\u00e1s<\/a><\/p>\n","protected":false},"author":2,"featured_media":9183,"comment_status":"closed","ping_status":"closed","sticky":false,"template":"","format":"standard","meta":{"footnotes":""},"categories":[1],"tags":[],"class_list":["post-9182","post","type-post","status-publish","format-standard","has-post-thumbnail","hentry","category-cronica"],"_links":{"self":[{"href":"https:\/\/www.radiopresidenteibanez.cl\/web\/wp-json\/wp\/v2\/posts\/9182","targetHints":{"allow":["GET"]}}],"collection":[{"href":"https:\/\/www.radiopresidenteibanez.cl\/web\/wp-json\/wp\/v2\/posts"}],"about":[{"href":"https:\/\/www.radiopresidenteibanez.cl\/web\/wp-json\/wp\/v2\/types\/post"}],"author":[{"embeddable":true,"href":"https:\/\/www.radiopresidenteibanez.cl\/web\/wp-json\/wp\/v2\/users\/2"}],"replies":[{"embeddable":true,"href":"https:\/\/www.radiopresidenteibanez.cl\/web\/wp-json\/wp\/v2\/comments?post=9182"}],"version-history":[{"count":0,"href":"https:\/\/www.radiopresidenteibanez.cl\/web\/wp-json\/wp\/v2\/posts\/9182\/revisions"}],"wp:featuredmedia":[{"embeddable":true,"href":"https:\/\/www.radiopresidenteibanez.cl\/web\/wp-json\/wp\/v2\/media\/9183"}],"wp:attachment":[{"href":"https:\/\/www.radiopresidenteibanez.cl\/web\/wp-json\/wp\/v2\/media?parent=9182"}],"wp:term":[{"taxonomy":"category","embeddable":true,"href":"https:\/\/www.radiopresidenteibanez.cl\/web\/wp-json\/wp\/v2\/categories?post=9182"},{"taxonomy":"post_tag","embeddable":true,"href":"https:\/\/www.radiopresidenteibanez.cl\/web\/wp-json\/wp\/v2\/tags?post=9182"}],"curies":[{"name":"wp","href":"https:\/\/api.w.org\/{rel}","templated":true}]}}