{"id":9169,"date":"2020-01-20T16:54:00","date_gmt":"2020-01-20T16:54:00","guid":{"rendered":"https:\/\/www.radiopresidenteibanez.cl\/web\/?p=9169"},"modified":"2020-01-20T16:54:03","modified_gmt":"2020-01-20T16:54:03","slug":"pdi-efectuo-peritajes-a-pintura-realizada-en-el-parque-nacional-torres-del-paine","status":"publish","type":"post","link":"https:\/\/www.radiopresidenteibanez.cl\/web\/pdi-efectuo-peritajes-a-pintura-realizada-en-el-parque-nacional-torres-del-paine\/","title":{"rendered":"PDI EFECTU\u00d3 PERITAJES A PINTURA REALIZADA EN EL PARQUE NACIONAL TORRES DEL PAINE"},"content":{"rendered":"\n<p>Detectives de la Brigada de Investigaci\u00f3n Criminal (Bicrim)\nde Puerto Natales, junto a peritos del Laboratorio de Criminal\u00edstica Regional\nPunta Arenas, concurrieron el domingo 19 de enero al Parque Nacional Torres del\nPaine, con el fin de realizar peritajes a los da\u00f1os que est\u00e1n siendo\ninvestigados por la PDI.<\/p>\n\n\n\n<p>En el marco de la investigaci\u00f3n encomendada a la\nBicrim Puerto Natales -por parte de la Fiscal\u00eda Local de Puerto Natales-,\nperitos fotogr\u00e1ficos y planim\u00e9tricos realizaron diversos peritajes para poder georreferenciar\ny fijar fotogr\u00e1ficamente el da\u00f1o provocado en el sector.<\/p>\n\n\n\n<p>La evidencia cient\u00edfica obtenida, que ser\u00e1 utilizada\npara apoyar la investigaci\u00f3n policial, consider\u00f3 adem\u00e1s el levantamiento de\nmuestras de la pintura por parte de peritos del Laboratorio de Criminal\u00edstica,\nlas que ser\u00e1n analizadas. <\/p>\n","protected":false},"excerpt":{"rendered":"<p>Detectives de la Brigada de Investigaci\u00f3n Criminal (Bicrim) de Puerto Natales, junto a peritos del Laboratorio de Criminal\u00edstica Regional Punta Arenas, concurrieron el domingo 19 de enero al Parque Nacional&#8230; <a class=\"read-more\" href=\"https:\/\/www.radiopresidenteibanez.cl\/web\/pdi-efectuo-peritajes-a-pintura-realizada-en-el-parque-nacional-torres-del-paine\/\">Leer m\u00e1s<\/a><\/p>\n","protected":false},"author":2,"featured_media":9170,"comment_status":"closed","ping_status":"closed","sticky":false,"template":"","format":"standard","meta":{"footnotes":""},"categories":[1],"tags":[],"class_list":["post-9169","post","type-post","status-publish","format-standard","has-post-thumbnail","hentry","category-cronica"],"_links":{"self":[{"href":"https:\/\/www.radiopresidenteibanez.cl\/web\/wp-json\/wp\/v2\/posts\/9169","targetHints":{"allow":["GET"]}}],"collection":[{"href":"https:\/\/www.radiopresidenteibanez.cl\/web\/wp-json\/wp\/v2\/posts"}],"about":[{"href":"https:\/\/www.radiopresidenteibanez.cl\/web\/wp-json\/wp\/v2\/types\/post"}],"author":[{"embeddable":true,"href":"https:\/\/www.radiopresidenteibanez.cl\/web\/wp-json\/wp\/v2\/users\/2"}],"replies":[{"embeddable":true,"href":"https:\/\/www.radiopresidenteibanez.cl\/web\/wp-json\/wp\/v2\/comments?post=9169"}],"version-history":[{"count":0,"href":"https:\/\/www.radiopresidenteibanez.cl\/web\/wp-json\/wp\/v2\/posts\/9169\/revisions"}],"wp:featuredmedia":[{"embeddable":true,"href":"https:\/\/www.radiopresidenteibanez.cl\/web\/wp-json\/wp\/v2\/media\/9170"}],"wp:attachment":[{"href":"https:\/\/www.radiopresidenteibanez.cl\/web\/wp-json\/wp\/v2\/media?parent=9169"}],"wp:term":[{"taxonomy":"category","embeddable":true,"href":"https:\/\/www.radiopresidenteibanez.cl\/web\/wp-json\/wp\/v2\/categories?post=9169"},{"taxonomy":"post_tag","embeddable":true,"href":"https:\/\/www.radiopresidenteibanez.cl\/web\/wp-json\/wp\/v2\/tags?post=9169"}],"curies":[{"name":"wp","href":"https:\/\/api.w.org\/{rel}","templated":true}]}}