{"id":9157,"date":"2020-01-20T12:57:25","date_gmt":"2020-01-20T12:57:25","guid":{"rendered":"https:\/\/www.radiopresidenteibanez.cl\/web\/?p=9157"},"modified":"2020-01-20T12:57:28","modified_gmt":"2020-01-20T12:57:28","slug":"muere-juan-carlos-saravia-lider-y-fundador-de-los-chalchaleros","status":"publish","type":"post","link":"https:\/\/www.radiopresidenteibanez.cl\/web\/muere-juan-carlos-saravia-lider-y-fundador-de-los-chalchaleros\/","title":{"rendered":"MUERE JUAN CARLOS SARAVIA, L\u00cdDER Y FUNDADOR DE LOS CHALCHALEROS"},"content":{"rendered":"\n<p>\n\nLa noche del 17 de enero se confirm\u00f3 el deceso del l\u00edder y fundador del ic\u00f3nico grupo folcl\u00f3rico argentino, quien dedic\u00f3 m\u00e1s de medio siglo de su vida a la m\u00fasica. Juan Carlos Saravia falleci\u00f3 en su provincia natal de Salta debido a su deteriorado estado de salud a la edad de 89 a\u00f1os.&nbsp; Los restos de Juan Carlos Saravia son velados, unas horas despu\u00e9s se realizar\u00e1n las exequias en Jard\u00edn de Paz.<\/p>\n\n\n\n<p>La muerte de Saravia fue anunciada inesperadamente durante el tradicional Festival Nacional de Doma y Folklore de Jes\u00fas Mar\u00eda donde el p\u00fablico le rindi\u00f3 un homenaje al momento de recibir la tr\u00e1gica noticia.<\/p>\n\n\n\n<p>\u00abUn gran aplauso por su obra, por ese legado eterno. Hoy Salta entristece y la Argentina toda, el mundo de la m\u00fasica, de la cultura, del arte, pero el recuerdo tiene que ser con la emoci\u00f3n de saberlo siempre presente. Y este escenario as\u00ed lo siente\u00bb, remarc\u00f3 el conductor.<\/p>\n\n\n\n<p>En septiembre de 1947, en la fiesta de los estudiantes del Colegio Nacional de Salta, actuaron dos d\u00faos folkl\u00f3ricos. Uno, integrado por Juan Carlos \u00abel Gordo\u00bb Saravia y su primo Aldo \u00abChivo\u00bb Saravia. Otro, con V\u00edctor \u00abCocho\u00bb Zambrano y Carlos Franco \u00abPelusa\u00bb Sosa.&nbsp; Los Chalchaleros debutaron el 16 de junio de 1948 a la cabeza de Juan Carlos Saravia quien conform\u00f3 el grupo junto a Victor Zambrano (Cocho), Carlos Franco Sosa y Aldo Saravia. Desde su primera presentaci\u00f3n este emblem\u00e1tico grupo se propuso incursionar un formato musical que se expandi\u00f3 por Am\u00e9rica Latina con tres guitarras, un bombo y sus ponchos salte\u00f1os creando as\u00ed las inolvidables zambas argentinas.&nbsp; La \u201cZamba del grillo\u201d fue el tema musical con el que iniciaron su presentaci\u00f3n en el Teatro Alberdi.<\/p>\n\n\n\n<p>El grupo fue muy conocido por sus zambas, sin embargo tambi\u00e9n cantaban carperas, gatos y chacareras. Uno de sus discos m\u00e1s recordados fue Todos somos chalchaleros donde participaron artistas destacados como Mercedes Sosa, Joan Manuel Serrat.<\/p>\n\n\n\n<p>Los Chalchaleros comenzaron su carrera en Salta en 1948 y se disolvieron en 2003. Est\u00e1n considerados uno de los m\u00e1s grandes grupos folcl\u00f3ricos de Argentina. Su nombre deriva de un p\u00e1jaro cantor del norte argentino, el Zorzal Chalchalero (Turdus amaurochalinus).<\/p>\n\n\n\n<p>Integraron el grupo tambi\u00e9n Jos\u00e9 Antonio Saravia Toledo, Ricardo Federico D\u00e1valos (\u00abDicky\u00bb) y Ernesto Cabeza.<\/p>\n\n\n\n<p>Los restos de Juan Carlos Saravia fueron velados en Congreso 1757 y los funerales se realizaron a las 14 horas de este domingo en Jard\u00edn de Paz , Buenos Aires. Asistieron familares y destacadas figuras de la m\u00fasica como Teresa Parodi y Zamba Quipildor.(Foto del funeral: Infobae)\n\n<\/p>\n","protected":false},"excerpt":{"rendered":"<p>La noche del 17 de enero se confirm\u00f3 el deceso del l\u00edder y fundador del ic\u00f3nico grupo folcl\u00f3rico argentino, quien dedic\u00f3 m\u00e1s de medio siglo de su vida a la&#8230; <a class=\"read-more\" href=\"https:\/\/www.radiopresidenteibanez.cl\/web\/muere-juan-carlos-saravia-lider-y-fundador-de-los-chalchaleros\/\">Leer m\u00e1s<\/a><\/p>\n","protected":false},"author":2,"featured_media":9158,"comment_status":"closed","ping_status":"closed","sticky":false,"template":"","format":"standard","meta":{"footnotes":""},"categories":[1],"tags":[],"class_list":["post-9157","post","type-post","status-publish","format-standard","has-post-thumbnail","hentry","category-cronica"],"_links":{"self":[{"href":"https:\/\/www.radiopresidenteibanez.cl\/web\/wp-json\/wp\/v2\/posts\/9157","targetHints":{"allow":["GET"]}}],"collection":[{"href":"https:\/\/www.radiopresidenteibanez.cl\/web\/wp-json\/wp\/v2\/posts"}],"about":[{"href":"https:\/\/www.radiopresidenteibanez.cl\/web\/wp-json\/wp\/v2\/types\/post"}],"author":[{"embeddable":true,"href":"https:\/\/www.radiopresidenteibanez.cl\/web\/wp-json\/wp\/v2\/users\/2"}],"replies":[{"embeddable":true,"href":"https:\/\/www.radiopresidenteibanez.cl\/web\/wp-json\/wp\/v2\/comments?post=9157"}],"version-history":[{"count":0,"href":"https:\/\/www.radiopresidenteibanez.cl\/web\/wp-json\/wp\/v2\/posts\/9157\/revisions"}],"wp:featuredmedia":[{"embeddable":true,"href":"https:\/\/www.radiopresidenteibanez.cl\/web\/wp-json\/wp\/v2\/media\/9158"}],"wp:attachment":[{"href":"https:\/\/www.radiopresidenteibanez.cl\/web\/wp-json\/wp\/v2\/media?parent=9157"}],"wp:term":[{"taxonomy":"category","embeddable":true,"href":"https:\/\/www.radiopresidenteibanez.cl\/web\/wp-json\/wp\/v2\/categories?post=9157"},{"taxonomy":"post_tag","embeddable":true,"href":"https:\/\/www.radiopresidenteibanez.cl\/web\/wp-json\/wp\/v2\/tags?post=9157"}],"curies":[{"name":"wp","href":"https:\/\/api.w.org\/{rel}","templated":true}]}}