{"id":9144,"date":"2020-01-18T17:27:05","date_gmt":"2020-01-18T17:27:05","guid":{"rendered":"https:\/\/www.radiopresidenteibanez.cl\/web\/?p=9144"},"modified":"2020-01-18T17:27:09","modified_gmt":"2020-01-18T17:27:09","slug":"concejal-alejandro-soler-se-refiere-a-situacion-que-podria-afectar-a-2500-familias-que-esperan-su-casa-propia","status":"publish","type":"post","link":"https:\/\/www.radiopresidenteibanez.cl\/web\/concejal-alejandro-soler-se-refiere-a-situacion-que-podria-afectar-a-2500-familias-que-esperan-su-casa-propia\/","title":{"rendered":"CONCEJAL ALEJANDRO SOLER SE REFIERE A SITUACI\u00d3N QUE PODR\u00cdA AFECTAR A 2500 FAMILIAS QUE ESPERAN SU CASA PROPIA"},"content":{"rendered":"\n<p>Ante la pol\u00e9mica que se ha suscitado&nbsp;&nbsp;por el otorgamiento de permisos de edificaci\u00f3n en zonas inundables por la Direcci\u00f3n de Obras Municipales de esta ciudad, modificaci\u00f3n del plano regulador, la compra de terrenos en zonas inundables con fondos p\u00fablicos, y otros temas relaciones;&nbsp;&nbsp;con el objeto de transparentar a la comunidad, quiero se\u00f1alar que adem\u00e1s de Concejal de la Comuna de Punta Arenas,&nbsp;&nbsp;soy funcionario p\u00fablico encargado de la Secci\u00f3n Jur\u00eddica de la Seremia de Vivienda de Magallanes, quienes nos pronunciamos sobre las interpretaci\u00f3n al Plano Regulador.<\/p>\n\n\n\n<p>Con el objeto de evitar cualquier duda sobre mi desempe\u00f1o,\u00a0 y adem\u00e1s de que se investigue situaciones que a mi entender podr\u00edan ser irregulares, efectu\u00e9 la personalmente la denuncia correspondiente al Ministerio Publico.<\/p>\n\n\n\n<p>Sobre los hechos que denuncie, no puedo explayarme ya que su divulgaci\u00f3n podr\u00eda perjudicar la investigaci\u00f3n\u00a0 que\u00a0efect\u00faa\u00a0Fiscal\u00eda.<\/p>\n\n\n\n<p>Por \u00faltimo, solicito al Sr. Fiscal Regional,\u00a0\u00a0de quien tengo plena y total confianza en su actuar, que se realice una investigaci\u00f3n a fondo y exhaustiva sobre los hechos denunciados.<\/p>\n","protected":false},"excerpt":{"rendered":"<p>Ante la pol\u00e9mica que se ha suscitado&nbsp;&nbsp;por el otorgamiento de permisos de edificaci\u00f3n en zonas inundables por la Direcci\u00f3n de Obras Municipales de esta ciudad, modificaci\u00f3n del plano regulador, la&#8230; <a class=\"read-more\" href=\"https:\/\/www.radiopresidenteibanez.cl\/web\/concejal-alejandro-soler-se-refiere-a-situacion-que-podria-afectar-a-2500-familias-que-esperan-su-casa-propia\/\">Leer m\u00e1s<\/a><\/p>\n","protected":false},"author":2,"featured_media":6060,"comment_status":"closed","ping_status":"closed","sticky":false,"template":"","format":"standard","meta":{"footnotes":""},"categories":[1],"tags":[],"class_list":["post-9144","post","type-post","status-publish","format-standard","has-post-thumbnail","hentry","category-cronica"],"_links":{"self":[{"href":"https:\/\/www.radiopresidenteibanez.cl\/web\/wp-json\/wp\/v2\/posts\/9144","targetHints":{"allow":["GET"]}}],"collection":[{"href":"https:\/\/www.radiopresidenteibanez.cl\/web\/wp-json\/wp\/v2\/posts"}],"about":[{"href":"https:\/\/www.radiopresidenteibanez.cl\/web\/wp-json\/wp\/v2\/types\/post"}],"author":[{"embeddable":true,"href":"https:\/\/www.radiopresidenteibanez.cl\/web\/wp-json\/wp\/v2\/users\/2"}],"replies":[{"embeddable":true,"href":"https:\/\/www.radiopresidenteibanez.cl\/web\/wp-json\/wp\/v2\/comments?post=9144"}],"version-history":[{"count":0,"href":"https:\/\/www.radiopresidenteibanez.cl\/web\/wp-json\/wp\/v2\/posts\/9144\/revisions"}],"wp:featuredmedia":[{"embeddable":true,"href":"https:\/\/www.radiopresidenteibanez.cl\/web\/wp-json\/wp\/v2\/media\/6060"}],"wp:attachment":[{"href":"https:\/\/www.radiopresidenteibanez.cl\/web\/wp-json\/wp\/v2\/media?parent=9144"}],"wp:term":[{"taxonomy":"category","embeddable":true,"href":"https:\/\/www.radiopresidenteibanez.cl\/web\/wp-json\/wp\/v2\/categories?post=9144"},{"taxonomy":"post_tag","embeddable":true,"href":"https:\/\/www.radiopresidenteibanez.cl\/web\/wp-json\/wp\/v2\/tags?post=9144"}],"curies":[{"name":"wp","href":"https:\/\/api.w.org\/{rel}","templated":true}]}}