{"id":9140,"date":"2020-01-17T22:52:42","date_gmt":"2020-01-17T22:52:42","guid":{"rendered":"https:\/\/www.radiopresidenteibanez.cl\/web\/?p=9140"},"modified":"2020-01-17T22:52:47","modified_gmt":"2020-01-17T22:52:47","slug":"la-diputada-sandra-amar-valoro-la-aprobacion-proyecto-que-regula-trabajo-de-cuidadores-a-personas-con-discapacidad","status":"publish","type":"post","link":"https:\/\/www.radiopresidenteibanez.cl\/web\/la-diputada-sandra-amar-valoro-la-aprobacion-proyecto-que-regula-trabajo-de-cuidadores-a-personas-con-discapacidad\/","title":{"rendered":"LA DIPUTADA SANDRA AMAR VALOR\u00d3 LA APROBACI\u00d3N PROYECTO QUE REGULA TRABAJO DE CUIDADORES A PERSONAS CON DISCAPACIDAD"},"content":{"rendered":"\n<p>Por la unanimidad, la Sala de la C\u00e1mara de Diputados aprob\u00f3 y\ndespach\u00f3 a segundo tr\u00e1mite al Senado el proyecto que modifica la Ley sobre\nigualdad de oportunidades e inclusi\u00f3n social de personas con discapacidad, para\nincorporar un marco regulatorio aplicable a quienes se dedican a su cuidado.<\/p>\n\n\n\n<p>La propuesta establece que ser\u00e1 tambi\u00e9n materia de esta ley\nreconocer y amparar a las cuidadoras y cuidadores de personas con discapacidad\ny dependencia.<\/p>\n\n\n\n<p>Adem\u00e1s, se\u00f1ala que es deber del Estado promover la igualdad\nde oportunidades de las personas con discapacidad, reconocer y amparar los\nderechos de las cuidadoras y cuidadores. Lo anterior se realizar\u00e1 a trav\u00e9s de\npol\u00edticas p\u00fablicas efectivas, con perspectiva de g\u00e9nero, que aporten a la\ncreaci\u00f3n de una red de apoyo integral.<\/p>\n\n\n\n<p>Al respecto, la Diputada Sandra Amar, se\u00f1al\u00f3 que \u201ces un gran avance\nrespecto a esta dura realidad ya que hasta ahora como Estado est\u00e1bamos en deuda\ncon los cuidadores y cuidadoras, siendo necesario avanzar en el principio de\ncorresponsabilidad de los cuidados, erradicando patrones de divisi\u00f3n sexual del\ntrabajo; y, por la otra, reconociendo a las y los cuidadores como sujetos de\nderechos y de protecci\u00f3n por parte del ordenamiento jur\u00eddico\u201d.<\/p>\n\n\n\n<p>Agregando que \u201cmi voto fue a favor de este proyecto que busca\nestablecer normas y el debido respeto por los derechos de los cuidadores\ntraducidos a acciones concretas como flexibilidad laboral, acceso a\nteletrabajo, apoyo sicol\u00f3gico y f\u00edsico, reemplazos, etc. porque insisto, ser\ncuidador no es f\u00e1cil y ellos tambi\u00e9n necesitan que alguien los cuide\u201d.<\/p>\n\n\n\n<p>El texto despachado a segundo tr\u00e1mite considera que las\npersonas con discapacidad tienen derecho a contar con servicio de apoyo,\nasistencia y o cuidados en caso necesario, para el adecuado desenvolvimiento en\nla vida diaria.<\/p>\n","protected":false},"excerpt":{"rendered":"<p>Por la unanimidad, la Sala de la C\u00e1mara de Diputados aprob\u00f3 y despach\u00f3 a segundo tr\u00e1mite al Senado el proyecto que modifica la Ley sobre igualdad de oportunidades e inclusi\u00f3n&#8230; <a class=\"read-more\" href=\"https:\/\/www.radiopresidenteibanez.cl\/web\/la-diputada-sandra-amar-valoro-la-aprobacion-proyecto-que-regula-trabajo-de-cuidadores-a-personas-con-discapacidad\/\">Leer m\u00e1s<\/a><\/p>\n","protected":false},"author":2,"featured_media":9141,"comment_status":"closed","ping_status":"closed","sticky":false,"template":"","format":"standard","meta":{"footnotes":""},"categories":[1],"tags":[],"class_list":["post-9140","post","type-post","status-publish","format-standard","has-post-thumbnail","hentry","category-cronica"],"_links":{"self":[{"href":"https:\/\/www.radiopresidenteibanez.cl\/web\/wp-json\/wp\/v2\/posts\/9140","targetHints":{"allow":["GET"]}}],"collection":[{"href":"https:\/\/www.radiopresidenteibanez.cl\/web\/wp-json\/wp\/v2\/posts"}],"about":[{"href":"https:\/\/www.radiopresidenteibanez.cl\/web\/wp-json\/wp\/v2\/types\/post"}],"author":[{"embeddable":true,"href":"https:\/\/www.radiopresidenteibanez.cl\/web\/wp-json\/wp\/v2\/users\/2"}],"replies":[{"embeddable":true,"href":"https:\/\/www.radiopresidenteibanez.cl\/web\/wp-json\/wp\/v2\/comments?post=9140"}],"version-history":[{"count":0,"href":"https:\/\/www.radiopresidenteibanez.cl\/web\/wp-json\/wp\/v2\/posts\/9140\/revisions"}],"wp:featuredmedia":[{"embeddable":true,"href":"https:\/\/www.radiopresidenteibanez.cl\/web\/wp-json\/wp\/v2\/media\/9141"}],"wp:attachment":[{"href":"https:\/\/www.radiopresidenteibanez.cl\/web\/wp-json\/wp\/v2\/media?parent=9140"}],"wp:term":[{"taxonomy":"category","embeddable":true,"href":"https:\/\/www.radiopresidenteibanez.cl\/web\/wp-json\/wp\/v2\/categories?post=9140"},{"taxonomy":"post_tag","embeddable":true,"href":"https:\/\/www.radiopresidenteibanez.cl\/web\/wp-json\/wp\/v2\/tags?post=9140"}],"curies":[{"name":"wp","href":"https:\/\/api.w.org\/{rel}","templated":true}]}}