{"id":914,"date":"2019-01-30T19:58:23","date_gmt":"2019-01-30T19:58:23","guid":{"rendered":"http:\/\/www.radiopresidenteibanez.cl\/web\/?p=914"},"modified":"2019-01-30T19:58:31","modified_gmt":"2019-01-30T19:58:31","slug":"minvu-entrego-176-nuevas-viviendas-en-el-sector-poniente-de-punta-arenas","status":"publish","type":"post","link":"https:\/\/www.radiopresidenteibanez.cl\/web\/minvu-entrego-176-nuevas-viviendas-en-el-sector-poniente-de-punta-arenas\/","title":{"rendered":"MINVU ENTREG\u00d3 176 NUEVAS VIVIENDAS EN EL SECTOR PONIENTE DE PUNTA ARENAS"},"content":{"rendered":"\n<p>Desde tempranas horas de este\nmi\u00e9rcoles, comenzaron a trasladarse al sector poniente de Punta Arenas, las 176\nfamilias que recibir\u00edan las llaves de sus departamentos sin deuda ubicados en\nlos condominios de San\nIgnacio 5 y 6. La emoci\u00f3n era evidente, ya que el sue\u00f1o de la vivienda propia\nestaba a minutos de ser una realidad.<\/p>\n\n\n\n<p>A las 11 horas en punto,\ncomenzaba la ceremonia efectuada por el Ministerio de Vivienda y Urbanismo con\nla presencia de las principales autoridades de la regi\u00f3n, encabezadas por la\nIntendenta Mar\u00eda Teresa Casta\u00f1\u00f3n, el alcalde Claudio Radonich y el seremi del\nMinvu, Jos\u00e9 Miguel Horcos, entre otras, junto a los dirigentes de las\nagrupaciones \u201cLa casa de mis sue\u00f1os\u201d, Alba Mardones Cuyul y\n\u201cMagallanes luchando por una casa\u201d, Fernando Ser\u00f3n Cheuquem\u00e1n, en\nrepresentaci\u00f3n de las familias beneficiadas.<\/p>\n\n\n\n<p>Cabe mencionar, que la\nconstrucci\u00f3n de ambos condominios fueron financiados por el Ministerio de\nVivienda y Urbanismo con un monto total de 267.433 UF. Es decir, m\u00e1s de 7 mil\nmillones de pesos, lo que equivale a un valor unitario por departamento de 40\nmillones de pesos, aproximadamente. Igualmente, el aporte por grupo familiar\npromedio lleg\u00f3 hasta los 800 mil pesos. \u201cPara nosotros como Minvu es importante\nesta entrega, ya que seguimos cumpliendo el mandato de nuestro ministro\nCristi\u00e1n Monckeberg, que no es solo entregar soluciones habitacionales, sino\nque amplias, modernas y con espacios comunes de alto est\u00e1ndar. Tambi\u00e9n quiero\nresaltar el compromiso del Gobierno Regional que entreg\u00f3 los dineros para\npavimentar la calle Ignacio Carrera Pinto y sus alrededores, ya que sin ello esto\nno hubiese sido posible\u201d, manifest\u00f3 el seremi Minvu, Jos\u00e9 Miguel Horcos.<\/p>\n\n\n\n<p>Los proyectos se comenzaron a construir el segundo semestre de\n2016, contando con una asignaci\u00f3n de presupuesto adicional al subsidio asignado\noriginalmente al grupo. Este monto permiti\u00f3 concretar la iniciativa y mejorar\nel est\u00e1ndar de los departamentos. Son las \u00fanicas viviendas construidas con\nsubsidios del Fondo Solidario Elecci\u00f3n de Vivienda que poseen un ba\u00f1o completo\nm\u00e1s un ba\u00f1o de visitas. <\/p>\n\n\n\n<p>La intendenta regional, Mar\u00eda Teresa Casta\u00f1\u00f3n, valor\u00f3 la\nentrega de los departamentos y se\u00f1al\u00f3 que \u201cseguimos trabajando de acuerdo a lo\nmandato por el Presidente Sebasti\u00e1n Pi\u00f1era en mejorar la calidad de vida de las\npersonas; hoy son muchas las familias que est\u00e1n contentas por una nueva etapa\nen su vida. Nuestro compromiso como gobierno es justamente terminar con el\nd\u00e9ficit habitacional en la regi\u00f3n\u201d.<\/p>\n\n\n\n<p>Una vez finalizada la ceremonia, los propietarios se dirigieron hasta sus nuevos departamentos, para comenzar a planificar el tan ansiado cambio de vivienda. Tal es el caso de Mar\u00eda Teresa Oyarzo, quien detall\u00f3\u00a0 \u201cestoy contenta porque luego de 20 a\u00f1os pude cumplir mi sue\u00f1o, estoy muy emocionada porque estoy con mis hijos y nietos\u201d. Algo similar vive Patricia D\u00edaz, quien se mudar\u00e1 con sus hijos en su nuevo departamento \u201cEs una gran alegr\u00eda porque es algo que uno vino trabajando hace muchos a\u00f1os y ahora me llena de satisfacci\u00f3n porque ya es nuestro\u201d.<\/p>\n\n\n\n<ul class=\"wp-block-gallery columns-2 is-cropped wp-block-gallery-1 is-layout-flex wp-block-gallery-is-layout-flex\"><li class=\"blocks-gallery-item\"><figure><img loading=\"lazy\" decoding=\"async\" width=\"1024\" height=\"683\" src=\"https:\/\/www.radiopresidenteibanez.cl\/web\/wp-content\/uploads\/2019\/01\/IMG-20190130-WA0027-1024x683.jpg\" alt=\"\" data-id=\"915\" data-link=\"https:\/\/www.radiopresidenteibanez.cl\/web\/?attachment_id=915\" class=\"wp-image-915\" srcset=\"https:\/\/www.radiopresidenteibanez.cl\/web\/wp-content\/uploads\/2019\/01\/IMG-20190130-WA0027-1024x683.jpg 1024w, https:\/\/www.radiopresidenteibanez.cl\/web\/wp-content\/uploads\/2019\/01\/IMG-20190130-WA0027-300x200.jpg 300w, https:\/\/www.radiopresidenteibanez.cl\/web\/wp-content\/uploads\/2019\/01\/IMG-20190130-WA0027-768x512.jpg 768w, https:\/\/www.radiopresidenteibanez.cl\/web\/wp-content\/uploads\/2019\/01\/IMG-20190130-WA0027.jpg 1280w\" sizes=\"auto, (max-width: 1024px) 100vw, 1024px\" \/><\/figure><\/li><li class=\"blocks-gallery-item\"><figure><img loading=\"lazy\" decoding=\"async\" width=\"1024\" height=\"683\" src=\"https:\/\/www.radiopresidenteibanez.cl\/web\/wp-content\/uploads\/2019\/01\/IMG-20190130-WA0028-1024x683.jpg\" alt=\"\" data-id=\"916\" data-link=\"https:\/\/www.radiopresidenteibanez.cl\/web\/?attachment_id=916\" class=\"wp-image-916\" srcset=\"https:\/\/www.radiopresidenteibanez.cl\/web\/wp-content\/uploads\/2019\/01\/IMG-20190130-WA0028-1024x683.jpg 1024w, https:\/\/www.radiopresidenteibanez.cl\/web\/wp-content\/uploads\/2019\/01\/IMG-20190130-WA0028-300x200.jpg 300w, https:\/\/www.radiopresidenteibanez.cl\/web\/wp-content\/uploads\/2019\/01\/IMG-20190130-WA0028-768x512.jpg 768w, https:\/\/www.radiopresidenteibanez.cl\/web\/wp-content\/uploads\/2019\/01\/IMG-20190130-WA0028.jpg 1280w\" sizes=\"auto, (max-width: 1024px) 100vw, 1024px\" \/><\/figure><\/li><li class=\"blocks-gallery-item\"><figure><img loading=\"lazy\" decoding=\"async\" width=\"1024\" height=\"683\" src=\"https:\/\/www.radiopresidenteibanez.cl\/web\/wp-content\/uploads\/2019\/01\/IMG-20190130-WA0029-1024x683.jpg\" alt=\"\" data-id=\"917\" data-link=\"https:\/\/www.radiopresidenteibanez.cl\/web\/?attachment_id=917\" class=\"wp-image-917\" srcset=\"https:\/\/www.radiopresidenteibanez.cl\/web\/wp-content\/uploads\/2019\/01\/IMG-20190130-WA0029-1024x683.jpg 1024w, https:\/\/www.radiopresidenteibanez.cl\/web\/wp-content\/uploads\/2019\/01\/IMG-20190130-WA0029-300x200.jpg 300w, https:\/\/www.radiopresidenteibanez.cl\/web\/wp-content\/uploads\/2019\/01\/IMG-20190130-WA0029-768x512.jpg 768w, https:\/\/www.radiopresidenteibanez.cl\/web\/wp-content\/uploads\/2019\/01\/IMG-20190130-WA0029.jpg 1280w\" sizes=\"auto, (max-width: 1024px) 100vw, 1024px\" \/><\/figure><\/li><li class=\"blocks-gallery-item\"><figure><img loading=\"lazy\" decoding=\"async\" width=\"1024\" height=\"683\" src=\"https:\/\/www.radiopresidenteibanez.cl\/web\/wp-content\/uploads\/2019\/01\/IMG-20190130-WA0030-1024x683.jpg\" alt=\"\" data-id=\"918\" data-link=\"https:\/\/www.radiopresidenteibanez.cl\/web\/?attachment_id=918\" class=\"wp-image-918\" srcset=\"https:\/\/www.radiopresidenteibanez.cl\/web\/wp-content\/uploads\/2019\/01\/IMG-20190130-WA0030-1024x683.jpg 1024w, https:\/\/www.radiopresidenteibanez.cl\/web\/wp-content\/uploads\/2019\/01\/IMG-20190130-WA0030-300x200.jpg 300w, https:\/\/www.radiopresidenteibanez.cl\/web\/wp-content\/uploads\/2019\/01\/IMG-20190130-WA0030-768x512.jpg 768w, https:\/\/www.radiopresidenteibanez.cl\/web\/wp-content\/uploads\/2019\/01\/IMG-20190130-WA0030.jpg 1280w\" sizes=\"auto, (max-width: 1024px) 100vw, 1024px\" \/><\/figure><\/li><li class=\"blocks-gallery-item\"><figure><img loading=\"lazy\" decoding=\"async\" width=\"1024\" height=\"683\" src=\"https:\/\/www.radiopresidenteibanez.cl\/web\/wp-content\/uploads\/2019\/01\/IMG-20190130-WA0031-1024x683.jpg\" alt=\"\" data-id=\"919\" data-link=\"https:\/\/www.radiopresidenteibanez.cl\/web\/?attachment_id=919\" class=\"wp-image-919\" srcset=\"https:\/\/www.radiopresidenteibanez.cl\/web\/wp-content\/uploads\/2019\/01\/IMG-20190130-WA0031-1024x683.jpg 1024w, https:\/\/www.radiopresidenteibanez.cl\/web\/wp-content\/uploads\/2019\/01\/IMG-20190130-WA0031-300x200.jpg 300w, https:\/\/www.radiopresidenteibanez.cl\/web\/wp-content\/uploads\/2019\/01\/IMG-20190130-WA0031-768x512.jpg 768w, https:\/\/www.radiopresidenteibanez.cl\/web\/wp-content\/uploads\/2019\/01\/IMG-20190130-WA0031.jpg 1280w\" sizes=\"auto, (max-width: 1024px) 100vw, 1024px\" \/><\/figure><\/li><li class=\"blocks-gallery-item\"><figure><img loading=\"lazy\" decoding=\"async\" width=\"1024\" height=\"683\" src=\"https:\/\/www.radiopresidenteibanez.cl\/web\/wp-content\/uploads\/2019\/01\/IMG-20190130-WA0032-1024x683.jpg\" alt=\"\" data-id=\"920\" data-link=\"https:\/\/www.radiopresidenteibanez.cl\/web\/?attachment_id=920\" class=\"wp-image-920\" srcset=\"https:\/\/www.radiopresidenteibanez.cl\/web\/wp-content\/uploads\/2019\/01\/IMG-20190130-WA0032-1024x683.jpg 1024w, https:\/\/www.radiopresidenteibanez.cl\/web\/wp-content\/uploads\/2019\/01\/IMG-20190130-WA0032-300x200.jpg 300w, https:\/\/www.radiopresidenteibanez.cl\/web\/wp-content\/uploads\/2019\/01\/IMG-20190130-WA0032-768x512.jpg 768w, https:\/\/www.radiopresidenteibanez.cl\/web\/wp-content\/uploads\/2019\/01\/IMG-20190130-WA0032.jpg 1280w\" sizes=\"auto, (max-width: 1024px) 100vw, 1024px\" \/><\/figure><\/li><\/ul>\n","protected":false},"excerpt":{"rendered":"<p>Desde tempranas horas de este mi\u00e9rcoles, comenzaron a trasladarse al sector poniente de Punta Arenas, las 176 familias que recibir\u00edan las llaves de sus departamentos sin deuda ubicados en los&#8230; <a class=\"read-more\" href=\"https:\/\/www.radiopresidenteibanez.cl\/web\/minvu-entrego-176-nuevas-viviendas-en-el-sector-poniente-de-punta-arenas\/\">Leer m\u00e1s<\/a><\/p>\n","protected":false},"author":2,"featured_media":919,"comment_status":"closed","ping_status":"closed","sticky":false,"template":"","format":"standard","meta":{"footnotes":""},"categories":[1],"tags":[],"class_list":["post-914","post","type-post","status-publish","format-standard","has-post-thumbnail","hentry","category-cronica"],"_links":{"self":[{"href":"https:\/\/www.radiopresidenteibanez.cl\/web\/wp-json\/wp\/v2\/posts\/914","targetHints":{"allow":["GET"]}}],"collection":[{"href":"https:\/\/www.radiopresidenteibanez.cl\/web\/wp-json\/wp\/v2\/posts"}],"about":[{"href":"https:\/\/www.radiopresidenteibanez.cl\/web\/wp-json\/wp\/v2\/types\/post"}],"author":[{"embeddable":true,"href":"https:\/\/www.radiopresidenteibanez.cl\/web\/wp-json\/wp\/v2\/users\/2"}],"replies":[{"embeddable":true,"href":"https:\/\/www.radiopresidenteibanez.cl\/web\/wp-json\/wp\/v2\/comments?post=914"}],"version-history":[{"count":0,"href":"https:\/\/www.radiopresidenteibanez.cl\/web\/wp-json\/wp\/v2\/posts\/914\/revisions"}],"wp:featuredmedia":[{"embeddable":true,"href":"https:\/\/www.radiopresidenteibanez.cl\/web\/wp-json\/wp\/v2\/media\/919"}],"wp:attachment":[{"href":"https:\/\/www.radiopresidenteibanez.cl\/web\/wp-json\/wp\/v2\/media?parent=914"}],"wp:term":[{"taxonomy":"category","embeddable":true,"href":"https:\/\/www.radiopresidenteibanez.cl\/web\/wp-json\/wp\/v2\/categories?post=914"},{"taxonomy":"post_tag","embeddable":true,"href":"https:\/\/www.radiopresidenteibanez.cl\/web\/wp-json\/wp\/v2\/tags?post=914"}],"curies":[{"name":"wp","href":"https:\/\/api.w.org\/{rel}","templated":true}]}}