{"id":9137,"date":"2020-01-17T22:50:16","date_gmt":"2020-01-17T22:50:16","guid":{"rendered":"https:\/\/www.radiopresidenteibanez.cl\/web\/?p=9137"},"modified":"2020-01-17T22:50:22","modified_gmt":"2020-01-17T22:50:22","slug":"modificacion-arbitraria-y-secreta-del-minvu-para-otorgar-permisos-podria-afectar-la-construccion-de-2-mil-500-viviendas","status":"publish","type":"post","link":"https:\/\/www.radiopresidenteibanez.cl\/web\/modificacion-arbitraria-y-secreta-del-minvu-para-otorgar-permisos-podria-afectar-la-construccion-de-2-mil-500-viviendas\/","title":{"rendered":"MODIFICACI\u00d3N ARBITRARIA Y SECRETA DEL MINVU PARA OTORGAR PERMISOS PODR\u00cdA AFECTAR LA CONSTRUCCI\u00d3N DE 2 MIL 500 VIVIENDAS"},"content":{"rendered":"\n<p>Luego de que la Contralor\u00eda Regional emitiera un Informe relacionado a los permisos otorgados por la Municipalidad en supuestas zonas de riesgo, el alcalde Claudio Radonich apunt\u00f3 a Ministerio de Vivienda y Urbanismo, dado que luego de 3 a\u00f1os modific\u00f3 de forma arbitraria y reservada los criterios para el otorgamiento de permisos de Construcci\u00f3n dentro del Plan Regulador de la ciudad, lo cual no ha sido informado a la Direcci\u00f3n de Obras Municipales hasta el d\u00eda de hoy.<\/p>\n\n\n\n<p>\u201cEstamos muy preocupados por la manera en la que se cambiaron los criterios para otorgar permisos de Construcci\u00f3n por parte del Ministerio de Vivienda y Urbanismo, dado que durante 3 a\u00f1os se mantuvieron los m\u00e1rgenes sin ning\u00fan tipo de inconvenientes, ya que igualmente como MINVU, solicitaron constantemente permisos de localizaci\u00f3n y certificados de constructibilidad para subsidios\u201d, explic\u00f3 Radonich.<\/p>\n\n\n\n<p>Acto seguido, el jefe comunal dijo que \u201cen el mes de noviembre pasado (2019), el MINVU modific\u00f3 de manera RESERVADA y arbitraria los criterios, cambiando la interpretaci\u00f3n sin informar a la Direcci\u00f3n de Obras Municipales\u201d. Junto a eso record\u00f3 que los actos p\u00fablicos deben ser publicados, lo cual no ocurri\u00f3 hasta que Contralor\u00eda emite su informe.<\/p>\n\n\n\n<p>En esa l\u00ednea, Radonich argumenta que \u201choy en nuestra ciudad no se pueden entregar permisos de construcci\u00f3n a ninguna entidad p\u00fablica o privada en 450 hect\u00e1reas del Plan Regulador. Esto est\u00e1 fuera de todo fundamento t\u00e9cnico, por lo que hemos recurrido a todos los mecanismos existentes para aclarar la situaci\u00f3n y dar soluci\u00f3n desde el mes noviembre pasado\u201d.<\/p>\n\n\n\n<p>\u201cComo representante de la Municipalidad de Punta Arenas lamentamos el desconocimiento con el que se ha tratado el tema por parte del Ministerio de Vivienda y Urbanismo, que justamente se encuentra mandatado para interpretar este tipo de contradicciones presentadas en los instrumentos de planificaci\u00f3n\u201d, recalc\u00f3 la autoridad local.<\/p>\n\n\n\n<p>Asimismo, lament\u00f3 que dicha situaci\u00f3n podr\u00eda afectar la construcci\u00f3n de 2 mil 500 viviendas en proyectos inmobiliarias de vivienda sociales y privadas, pero adem\u00e1s a cientos de viviendas existentes, como las de Villa Las Nieves, que seg\u00fan esta nueva interpretaci\u00f3n no podr\u00e1n ni siquiera regularizar su situaci\u00f3n mediante la \u201cley del mono\u201d.<\/p>\n\n\n\n<p>En ese sentido, cabe puntualizar que de las 859 hect\u00e1reas consideradas como zonas urbanas en la comuna, 425 corresponden a \u00e1reas de inundaci\u00f3n.<\/p>\n\n\n\n<p>Al respecto, el presidente de la C\u00e1mara Chilena de la Construcci\u00f3n en Punta Arenas, Jos\u00e9 Alvarado, se comprometi\u00f3 a entregar un informe detallado y preciso de los proyectos que se est\u00e1n desarrollando actualmente, que ser\u00edan afectados.<\/p>\n\n\n\n<p>El informe de Contralor\u00eda, podr\u00eda paralizar los proyectos habitacionales tanto privados como p\u00fablicos, frente a lo cual el presidente de la CChC, expres\u00f3 que \u201cel seremi de Vivienda tendr\u00e1 que argumentar los criterios utilizados para poder abordar un tema que involucra el desarrollo y avance de la ciudad\u201d.<\/p>\n\n\n\n<p>Finalmente, Radonich inform\u00f3 que durante la pr\u00f3xima semana se reunir\u00e1 con el Ministro de Vivienda en Santiago y solicitar\u00e1 una audiencia con el Contralor General de la Rep\u00fablica para entregar la informaci\u00f3n correspondiente.<\/p>\n","protected":false},"excerpt":{"rendered":"<p>Luego de que la Contralor\u00eda Regional emitiera un Informe relacionado a los permisos otorgados por la Municipalidad en supuestas zonas de riesgo, el alcalde Claudio Radonich apunt\u00f3 a Ministerio de&#8230; <a class=\"read-more\" href=\"https:\/\/www.radiopresidenteibanez.cl\/web\/modificacion-arbitraria-y-secreta-del-minvu-para-otorgar-permisos-podria-afectar-la-construccion-de-2-mil-500-viviendas\/\">Leer m\u00e1s<\/a><\/p>\n","protected":false},"author":2,"featured_media":9138,"comment_status":"closed","ping_status":"closed","sticky":false,"template":"","format":"standard","meta":{"footnotes":""},"categories":[1],"tags":[],"class_list":["post-9137","post","type-post","status-publish","format-standard","has-post-thumbnail","hentry","category-cronica"],"_links":{"self":[{"href":"https:\/\/www.radiopresidenteibanez.cl\/web\/wp-json\/wp\/v2\/posts\/9137","targetHints":{"allow":["GET"]}}],"collection":[{"href":"https:\/\/www.radiopresidenteibanez.cl\/web\/wp-json\/wp\/v2\/posts"}],"about":[{"href":"https:\/\/www.radiopresidenteibanez.cl\/web\/wp-json\/wp\/v2\/types\/post"}],"author":[{"embeddable":true,"href":"https:\/\/www.radiopresidenteibanez.cl\/web\/wp-json\/wp\/v2\/users\/2"}],"replies":[{"embeddable":true,"href":"https:\/\/www.radiopresidenteibanez.cl\/web\/wp-json\/wp\/v2\/comments?post=9137"}],"version-history":[{"count":0,"href":"https:\/\/www.radiopresidenteibanez.cl\/web\/wp-json\/wp\/v2\/posts\/9137\/revisions"}],"wp:featuredmedia":[{"embeddable":true,"href":"https:\/\/www.radiopresidenteibanez.cl\/web\/wp-json\/wp\/v2\/media\/9138"}],"wp:attachment":[{"href":"https:\/\/www.radiopresidenteibanez.cl\/web\/wp-json\/wp\/v2\/media?parent=9137"}],"wp:term":[{"taxonomy":"category","embeddable":true,"href":"https:\/\/www.radiopresidenteibanez.cl\/web\/wp-json\/wp\/v2\/categories?post=9137"},{"taxonomy":"post_tag","embeddable":true,"href":"https:\/\/www.radiopresidenteibanez.cl\/web\/wp-json\/wp\/v2\/tags?post=9137"}],"curies":[{"name":"wp","href":"https:\/\/api.w.org\/{rel}","templated":true}]}}