{"id":9134,"date":"2020-01-17T22:47:37","date_gmt":"2020-01-17T22:47:37","guid":{"rendered":"https:\/\/www.radiopresidenteibanez.cl\/web\/?p=9134"},"modified":"2020-01-17T22:47:45","modified_gmt":"2020-01-17T22:47:45","slug":"jeep-robado-fue-encontrado-durante-esta-tarde-en-el-sector-centrico-de-punta-arenas","status":"publish","type":"post","link":"https:\/\/www.radiopresidenteibanez.cl\/web\/jeep-robado-fue-encontrado-durante-esta-tarde-en-el-sector-centrico-de-punta-arenas\/","title":{"rendered":"JEEP ROBADO FUE ENCONTRADO DURANTE ESTA TARDE EN EL SECTOR C\u00c9NTRICO DE PUNTA ARENAS"},"content":{"rendered":"\n<p>En horas de la ma\u00f1ana se daba a conocer del robo de un jeep\ndesde las afueras de una vivienda ubicada en la poblaci\u00f3n Aves Australes de\nPunta Arenas, en la oportunidad se comenz\u00f3 r\u00e1pidamente con la b\u00fasqueda,\nfinalizando pasada las 17:00 horas en las intersecciones de las calles\nErrazuriz con Armando Sanhueza.<\/p>\n\n\n\n<p>Hasta el lugar lleg\u00f3 personal de Carabineros quienes comenzaron a realizar las pericias correspondientes y poder dar con \u00e9l o los implicados en el robo.<\/p>\n\n\n\n<p>Imagen cedida<\/p>\n","protected":false},"excerpt":{"rendered":"<p>En horas de la ma\u00f1ana se daba a conocer del robo de un jeep desde las afueras de una vivienda ubicada en la poblaci\u00f3n Aves Australes de Punta Arenas, en&#8230; <a class=\"read-more\" href=\"https:\/\/www.radiopresidenteibanez.cl\/web\/jeep-robado-fue-encontrado-durante-esta-tarde-en-el-sector-centrico-de-punta-arenas\/\">Leer m\u00e1s<\/a><\/p>\n","protected":false},"author":2,"featured_media":9135,"comment_status":"closed","ping_status":"closed","sticky":false,"template":"","format":"standard","meta":{"footnotes":""},"categories":[6],"tags":[],"class_list":["post-9134","post","type-post","status-publish","format-standard","has-post-thumbnail","hentry","category-policial"],"_links":{"self":[{"href":"https:\/\/www.radiopresidenteibanez.cl\/web\/wp-json\/wp\/v2\/posts\/9134","targetHints":{"allow":["GET"]}}],"collection":[{"href":"https:\/\/www.radiopresidenteibanez.cl\/web\/wp-json\/wp\/v2\/posts"}],"about":[{"href":"https:\/\/www.radiopresidenteibanez.cl\/web\/wp-json\/wp\/v2\/types\/post"}],"author":[{"embeddable":true,"href":"https:\/\/www.radiopresidenteibanez.cl\/web\/wp-json\/wp\/v2\/users\/2"}],"replies":[{"embeddable":true,"href":"https:\/\/www.radiopresidenteibanez.cl\/web\/wp-json\/wp\/v2\/comments?post=9134"}],"version-history":[{"count":0,"href":"https:\/\/www.radiopresidenteibanez.cl\/web\/wp-json\/wp\/v2\/posts\/9134\/revisions"}],"wp:featuredmedia":[{"embeddable":true,"href":"https:\/\/www.radiopresidenteibanez.cl\/web\/wp-json\/wp\/v2\/media\/9135"}],"wp:attachment":[{"href":"https:\/\/www.radiopresidenteibanez.cl\/web\/wp-json\/wp\/v2\/media?parent=9134"}],"wp:term":[{"taxonomy":"category","embeddable":true,"href":"https:\/\/www.radiopresidenteibanez.cl\/web\/wp-json\/wp\/v2\/categories?post=9134"},{"taxonomy":"post_tag","embeddable":true,"href":"https:\/\/www.radiopresidenteibanez.cl\/web\/wp-json\/wp\/v2\/tags?post=9134"}],"curies":[{"name":"wp","href":"https:\/\/api.w.org\/{rel}","templated":true}]}}