{"id":9108,"date":"2020-01-17T20:04:13","date_gmt":"2020-01-17T20:04:13","guid":{"rendered":"https:\/\/www.radiopresidenteibanez.cl\/web\/?p=9108"},"modified":"2020-01-17T20:04:17","modified_gmt":"2020-01-17T20:04:17","slug":"18-profesionales-de-la-salud-se-certificaron-como-evaluadores-de-la-iniciativa-de-establecimientos-de-salud-amigos-de-la-madre-y-del-nino-y-nina","status":"publish","type":"post","link":"https:\/\/www.radiopresidenteibanez.cl\/web\/18-profesionales-de-la-salud-se-certificaron-como-evaluadores-de-la-iniciativa-de-establecimientos-de-salud-amigos-de-la-madre-y-del-nino-y-nina\/","title":{"rendered":"18 PROFESIONALES DE LA SALUD SE CERTIFICARON COMO EVALUADORES DE LA INICIATIVA DE ESTABLECIMIENTOS DE SALUD AMIGOS DE LA MADRE Y DEL NI\u00d1O Y NI\u00d1A"},"content":{"rendered":"\n<p>De acuerdo con el compromiso\nregional 2018\u20132019 de la Comisi\u00f3n\nRegional de Lactancia Materna, la Secretar\u00eda Regional Ministerial de\nSalud de Magallanes inici\u00f3 el 5 noviembre de 2018 un proceso de capacitaci\u00f3n a\nprofesionales que trabajan\nen lactancia materna para constituir un Grupo Evaluador&nbsp;de Centros de Salud\ny de Jardines Infantiles en base a la Iniciativa\nde Establecimientos de Salud Amigos de la Madre y del Ni\u00f1o y la Ni\u00f1a (IHAN). <\/p>\n\n\n\n<p>Se trata\nde un esfuerzo mundial lanzado por la Organizaci\u00f3n Mundial de la Salud (OMS) y UNICEF\npara implementar pr\u00e1cticas que protejan, promuevan y apoyen la lactancia\nmaterna en las comunidades.<\/p>\n\n\n\n<p>En la ceremonia de certificaci\u00f3n de esta iniciativa, el SEREMI de Salud\n(S), Sergio Ruiz Mella, destac\u00f3 el rol que tendr\u00e1 este grupo de profesionales\nen el fomento de esta natural forma de alimentaci\u00f3n en la comunidad, resaltando que \u201ctal como lo impulsa la Organizaci\u00f3n Mundial de la Salud\n(OMS) y la Estrategia Nacional de la Salud, lo que se busca es fomentar y\nprivilegiar la lactancia materna exclusiva hasta los seis meses y\nposteriormente ojal\u00e1 pueda mantenerse hasta los dos a\u00f1os. Quienes hoy se\ncertifican como evaluadores tendr\u00e1n como tarea apoyar t\u00e9cnicamente a que se\nadopten estas pr\u00e1cticas\u201d.<\/p>\n\n\n\n<p>La encargada del Comit\u00e9 de\nLactancia Materna de la SEREMI, Mar\u00eda Isabel Velich, se\u00f1al\u00f3 que \u201cesta\nacreditaci\u00f3n del personal de salud es un proceso que se comprometi\u00f3 ante el\nMinisterio de Salud el 2018 y asumido con la OMS y la UNICEF de manera de\ncumplir con&nbsp; pasos que son trascendentales\npara dar una buena asistencia en Lactancia Materna. Para los jardines infantiles\nson 5 pasos, para los hospitales son 10 y para los centros de salud son 7\npasos. El trabajo que deben desarrollar los equipos de salud para el\ncumplimiento de cada paso es muy grande, porque se inicia con un proceso de\nautoevaluaci\u00f3n, con conocer cu\u00e1les son las estad\u00edsticas que tienen en Lactancia\nMaterna al nacer, en el primer, tercer y sexto mes, y posteriormente, con\ncapacitar al personal y desarrollar acciones efectivas de acuerdo al protocolo\nmaterno, establecer conexi\u00f3n con la comunidad, dar agrupaci\u00f3n de pares, cl\u00ednicas\nde lactancia funcionando permanentemente y tener equipos comprometidos junto a\nlos directivos y a los funcionarios de cada establecimiento\u201d, puntualiz\u00f3.<\/p>\n\n\n\n<p>\u201cNos interesa resaltar\nesta iniciativa porque nuestra regi\u00f3n lamentablemente no ha llegado alcanzar el\n60% de Lactancia Materna exclusiva al sexto mes, que es lo que plantea la\nEstrategia Nacional de Salud. En Punta Arenas nuestra tasa es de un 42.5%. Esper\u00e1bamos\nque con la licencia post natal de los seis meses la lactancia iba a aumentar,\npero lamentablemente esto no ha ocurrido, por tanto, tenemos otra&nbsp; tarea importante como comisi\u00f3n que es conocer\nla causas por qu\u00e9&nbsp; las madres dejan de\namamantar, problem\u00e1tica que se estar\u00edan dando entre el tercer y sexto mes\u201d,\nexplic\u00f3 Mar\u00eda Isabel Velich.<\/p>\n\n\n\n<p>Los profesionales\nacreditados como evaluadores IHAN se desempe\u00f1an en los siguientes establecimientos:\nHospital de Puerto Natales Dr. Augusto Essmann, el Hospital Cl\u00ednico de\nMagallanes, Cl\u00ednica de Red Salud, Servicio de Salud de Magallanes, SEREMI de\nSalud, Universidad de Magallanes, Junji y Fundaci\u00f3n Integra. Entre ellos se\nencuentran; Carolina Queupumil, Natalie Flores, Carolina\nNovoa, Carolina Duarte, Yislen Oyarzo, Paola Aravena, Lorena Riquelme, Romina\nLeiva, Patricia Carre\u00f1o, Alejandra G\u00f3mez, Victoria Mar\u00edn, Erika Porras, Nelly\nCabezas, Nicole Salazar, Mauricio Pi\u00f1a, Mar\u00eda Isabel Velich y Mar\u00eda Soledad\nGonz\u00e1lez.<\/p>\n\n\n\n<p>La matrona Carola Novoa del\nHospital Cl\u00ednico Magallanes, manifest\u00f3 que en su caso se certific\u00f3 como\nevaluadora de establecimientos de salud y de jardines infantiles. Para ella \u201cesta\ndoble certificaci\u00f3n representa un compromiso con la salud p\u00fablica con el fin,\nm\u00e1s all\u00e1 de una ambici\u00f3n personal, que los centros de salud y jardines logren\nel sello IHAN y nosotros somos como un medio para lograr este fin, siendo un\ntrabajo voluntario y altruista que reviste m\u00e1s pega, pero con la idea del bien\nmayor para que la mayor cantidad de ni\u00f1os y ni\u00f1as, familias y binomios (madre e\nhijo) logren instaurar una lactancia materna los m\u00e1s prolongada posible\u201d.<\/p>\n\n\n\n<p>Mauricio Pi\u00f1a,\nnutricionista de Integra, manifest\u00f3 que este fue un desaf\u00edo personal y\nprofesional que va en pos del fomento de la lactancia materna. \u201dLos\nconocimientos que yo pueda transmitir a las educadoras de jardines\ninfantiles&nbsp; y agentes educativas sobre\ntodos los beneficios que tiene la lactancia exclusiva, colaborar\u00e1 a que ellas\ntambi\u00e9n puedan en los distintos establecimientos educacionales mostrar y\nrelevar con las familias la importancia de esta alimentaci\u00f3n natural. Es un desaf\u00edo,\npero va apoyar el aumentar la lactancia materna exclusiva hasta el sexto mes de\nvida\u201d, manifest\u00f3.<\/p>\n\n\n\n<p><strong>L<\/strong><strong>actancia\nmaterna<\/strong><strong><\/strong><\/p>\n\n\n\n<p>En Chile la\nprevalencia de la lactancia materna exclusiva al sexto mes se ha incrementado\nen los \u00faltimos 30 a\u00f1os, donde a fines de los 80, solo un 5% de las madres\namamantaba a sus hijos en forma exclusiva hasta los 6 meses, alcanzando el 2017\nun 57%. La Estrategia Nacional de Salud establece como meta sanitaria al 2020\nun 60% de LME al sexto mes. En Magallanes la cobertura regional alcanz\u00f3 un\n42.5% el a\u00f1o 2018, logr\u00e1ndose en Porvenir un 44%, en Natales un 58%, siendo las\ncomunas de Cabo de Hornos y Punta Arenas las con menor porcentaje de LME con un\n28.5% y un 38.7%, respectivamente.\n<\/p>\n","protected":false},"excerpt":{"rendered":"<p>De acuerdo con el compromiso regional 2018\u20132019 de la Comisi\u00f3n Regional de Lactancia Materna, la Secretar\u00eda Regional Ministerial de Salud de Magallanes inici\u00f3 el 5 noviembre de 2018 un proceso&#8230; <a class=\"read-more\" href=\"https:\/\/www.radiopresidenteibanez.cl\/web\/18-profesionales-de-la-salud-se-certificaron-como-evaluadores-de-la-iniciativa-de-establecimientos-de-salud-amigos-de-la-madre-y-del-nino-y-nina\/\">Leer m\u00e1s<\/a><\/p>\n","protected":false},"author":2,"featured_media":9109,"comment_status":"closed","ping_status":"closed","sticky":false,"template":"","format":"standard","meta":{"footnotes":""},"categories":[1],"tags":[],"class_list":["post-9108","post","type-post","status-publish","format-standard","has-post-thumbnail","hentry","category-cronica"],"_links":{"self":[{"href":"https:\/\/www.radiopresidenteibanez.cl\/web\/wp-json\/wp\/v2\/posts\/9108","targetHints":{"allow":["GET"]}}],"collection":[{"href":"https:\/\/www.radiopresidenteibanez.cl\/web\/wp-json\/wp\/v2\/posts"}],"about":[{"href":"https:\/\/www.radiopresidenteibanez.cl\/web\/wp-json\/wp\/v2\/types\/post"}],"author":[{"embeddable":true,"href":"https:\/\/www.radiopresidenteibanez.cl\/web\/wp-json\/wp\/v2\/users\/2"}],"replies":[{"embeddable":true,"href":"https:\/\/www.radiopresidenteibanez.cl\/web\/wp-json\/wp\/v2\/comments?post=9108"}],"version-history":[{"count":0,"href":"https:\/\/www.radiopresidenteibanez.cl\/web\/wp-json\/wp\/v2\/posts\/9108\/revisions"}],"wp:featuredmedia":[{"embeddable":true,"href":"https:\/\/www.radiopresidenteibanez.cl\/web\/wp-json\/wp\/v2\/media\/9109"}],"wp:attachment":[{"href":"https:\/\/www.radiopresidenteibanez.cl\/web\/wp-json\/wp\/v2\/media?parent=9108"}],"wp:term":[{"taxonomy":"category","embeddable":true,"href":"https:\/\/www.radiopresidenteibanez.cl\/web\/wp-json\/wp\/v2\/categories?post=9108"},{"taxonomy":"post_tag","embeddable":true,"href":"https:\/\/www.radiopresidenteibanez.cl\/web\/wp-json\/wp\/v2\/tags?post=9108"}],"curies":[{"name":"wp","href":"https:\/\/api.w.org\/{rel}","templated":true}]}}