{"id":9105,"date":"2020-01-17T20:01:21","date_gmt":"2020-01-17T20:01:21","guid":{"rendered":"https:\/\/www.radiopresidenteibanez.cl\/web\/?p=9105"},"modified":"2020-01-17T20:01:25","modified_gmt":"2020-01-17T20:01:25","slug":"vicepresidenta-de-comisiones-obreras-de-espana-se-encuentra-en-magallanes-en-la-oportunidad-se-reunio-con-el-sindicato-de-trabajadores-de-enap","status":"publish","type":"post","link":"https:\/\/www.radiopresidenteibanez.cl\/web\/vicepresidenta-de-comisiones-obreras-de-espana-se-encuentra-en-magallanes-en-la-oportunidad-se-reunio-con-el-sindicato-de-trabajadores-de-enap\/","title":{"rendered":"VICEPRESIDENTA DE COMISIONES OBRERAS DE ESPA\u00d1A, SE ENCUENTRA EN MAGALLANES EN LA OPORTUNIDAD SE REUNI\u00d3 CON EL SINDICATO DE TRABAJADORES DE ENAP"},"content":{"rendered":"\n<p><em>Para sostener diversos encuentros con dirigentes sindicales y sociales,\nalta comisionada de comisiones obreras de Espa\u00f1a Cristina Faciaben visita la\nzona.<\/em><\/p>\n\n\n\n<p><em>Esta ma\u00f1ana se reuni\u00f3 con la directiva del sindicato de trabajadores de\nEnap y la presidenta de la Anef Magallanes Doris Sandoval, reuni\u00f3n que se llevo\na efecto en nuestra sede sindical.<\/em><\/p>\n\n\n\n<p><em>Comisiones Obreras de Espa\u00f1a es una de las organizaciones sindicales m\u00e1s\ngrande de Espa\u00f1a hoy con cerca de un mill\u00f3n de asociados de los diferentes\nrubros de industrias de dicho pa\u00eds.<\/em><\/p>\n\n\n\n<p><em>Como una muy grata reuni\u00f3n califico Alejandro Avenda\u00f1o Gallardo presidente\ndel sindicato de Enap quien junto a su directiva participo de este encuentro,\ndonde se pudieron intercambiar diferentes miradas del \u00e1mbito sindical tanto de\nsu pa\u00eds y con lo nuestro como sueldo m\u00ednimo, negociaciones colectivas y sistema\nde pensiones que en Espa\u00f1a 100% estatal con pensiones dignas que no es lo que\nocurre en Chile.<\/em><\/p>\n\n\n\n<p><em>Finalmente se estuvo analizando el acontecer pol\u00edtico y del estallido\nsocial que aun continua en Chile y con escasa soluci\u00f3n a la problem\u00e1tica que\npide la ciudadan\u00eda lo que comparti\u00f3 la dirigente ya que ellos igual han tenido\nsituaciones complicadas en el \u00e1mbito laboral y social complejas de resolver,\npero si han podido llegar a trav\u00e9s del dialogo a soluciones dignas.<\/em><\/p>\n","protected":false},"excerpt":{"rendered":"<p>Para sostener diversos encuentros con dirigentes sindicales y sociales, alta comisionada de comisiones obreras de Espa\u00f1a Cristina Faciaben visita la zona. Esta ma\u00f1ana se reuni\u00f3 con la directiva del sindicato&#8230; <a class=\"read-more\" href=\"https:\/\/www.radiopresidenteibanez.cl\/web\/vicepresidenta-de-comisiones-obreras-de-espana-se-encuentra-en-magallanes-en-la-oportunidad-se-reunio-con-el-sindicato-de-trabajadores-de-enap\/\">Leer m\u00e1s<\/a><\/p>\n","protected":false},"author":2,"featured_media":9106,"comment_status":"closed","ping_status":"closed","sticky":false,"template":"","format":"standard","meta":{"footnotes":""},"categories":[1],"tags":[],"class_list":["post-9105","post","type-post","status-publish","format-standard","has-post-thumbnail","hentry","category-cronica"],"_links":{"self":[{"href":"https:\/\/www.radiopresidenteibanez.cl\/web\/wp-json\/wp\/v2\/posts\/9105","targetHints":{"allow":["GET"]}}],"collection":[{"href":"https:\/\/www.radiopresidenteibanez.cl\/web\/wp-json\/wp\/v2\/posts"}],"about":[{"href":"https:\/\/www.radiopresidenteibanez.cl\/web\/wp-json\/wp\/v2\/types\/post"}],"author":[{"embeddable":true,"href":"https:\/\/www.radiopresidenteibanez.cl\/web\/wp-json\/wp\/v2\/users\/2"}],"replies":[{"embeddable":true,"href":"https:\/\/www.radiopresidenteibanez.cl\/web\/wp-json\/wp\/v2\/comments?post=9105"}],"version-history":[{"count":0,"href":"https:\/\/www.radiopresidenteibanez.cl\/web\/wp-json\/wp\/v2\/posts\/9105\/revisions"}],"wp:featuredmedia":[{"embeddable":true,"href":"https:\/\/www.radiopresidenteibanez.cl\/web\/wp-json\/wp\/v2\/media\/9106"}],"wp:attachment":[{"href":"https:\/\/www.radiopresidenteibanez.cl\/web\/wp-json\/wp\/v2\/media?parent=9105"}],"wp:term":[{"taxonomy":"category","embeddable":true,"href":"https:\/\/www.radiopresidenteibanez.cl\/web\/wp-json\/wp\/v2\/categories?post=9105"},{"taxonomy":"post_tag","embeddable":true,"href":"https:\/\/www.radiopresidenteibanez.cl\/web\/wp-json\/wp\/v2\/tags?post=9105"}],"curies":[{"name":"wp","href":"https:\/\/api.w.org\/{rel}","templated":true}]}}