{"id":9102,"date":"2020-01-17T19:58:27","date_gmt":"2020-01-17T19:58:27","guid":{"rendered":"https:\/\/www.radiopresidenteibanez.cl\/web\/?p=9102"},"modified":"2020-01-17T19:58:30","modified_gmt":"2020-01-17T19:58:30","slug":"conaf-presento-denuncia-contra-turista-que-realizo-dibujo-en-roca-del-parque-nacional-torres-del-paine","status":"publish","type":"post","link":"https:\/\/www.radiopresidenteibanez.cl\/web\/conaf-presento-denuncia-contra-turista-que-realizo-dibujo-en-roca-del-parque-nacional-torres-del-paine\/","title":{"rendered":"CONAF PRESENT\u00d3 DENUNCIA CONTRA TURISTA QUE REALIZ\u00d3 DIBUJO EN ROCA DEL PARQUE NACIONAL TORRES DEL PAINE"},"content":{"rendered":"\n<p>Reconociendo que la autora del dibujo se present\u00f3 en las oficinas de la Corporaci\u00f3n Nacional Forestal (CONAF) en Puerto Natales, dando disculpas y mostr\u00e1ndose arrepentida, el director regional de la Corporaci\u00f3n Mauricio V\u00e9jar, confirm\u00f3 que hoy se present\u00f3 la denuncia ante la Tenencia Temporal de Carabineros en el mismo Parque Nacional por da\u00f1o de imagen en entorno natural.<\/p>\n\n\n\n<p>Tambi\u00e9n aclar\u00f3 que si bien no se ha podido encontrar vestigios de la pintura en la roca, la denuncia se sustenta en la aparici\u00f3n en redes sociales (Instagram), como tambi\u00e9n en el reconocimiento de la misma autora, quien dio cuenta de acci\u00f3n incorrecta, manifest\u00f3 estar arrepentida de haber realizado una acci\u00f3n que no est\u00e1 permitida al interior de los parques nacionales, se\u00f1alando tambi\u00e9n que desea concurrir hasta el lugar para poder limpiar la pintura, ya que es sobre la base de un acr\u00edlico que se borra con agua.<\/p>\n\n\n\n<p>La denuncia se sustenta en que la visitante incurri\u00f3 en un da\u00f1o de imagen del entorno natural que est\u00e1n re\u00f1idas con la preservaci\u00f3n ambiental, tal como lo se\u00f1ala la Ley 19.300 sobre bases generales del medio ambiente, donde en su art\u00edculo 52 se\u00f1ala: \u201cSe presume legalmente la responsabilidad del autor del da\u00f1o ambiental, si existiese infracci\u00f3n a\u2026 las normas sobre protecci\u00f3n, preservaci\u00f3n o conservaci\u00f3n ambientales, establecidas en la presente ley o en otras disposiciones o en otras disposiciones legales o reglamentarias\u00bb.<\/p>\n\n\n\n<p>En definitiva, contempla s\u00f3lo indemnizaci\u00f3n, ante este hecho, pero si se acredita la relaci\u00f3n de causa y efecto entre la infracci\u00f3n y el da\u00f1o producido.<\/p>\n\n\n\n<p>Una vez realizada la investigaci\u00f3n por los organismos policiales, luego de la denuncia presentada por CONAF, corresponder\u00e1 al ente judicial determinar las sanciones que pudieran afectar a quien realiz\u00f3 este acto no permitido en un \u00e1rea protegida. Cabe destacar que se trata de una mujer que integraba un grupo de escaladores italianos, quienes contaban con el debido permiso para efectuar la escalada de la Torre Central del parque, por lo cual hab\u00edan recibido tambi\u00e9n la inducci\u00f3n de lo permitido y prohibido en la ruta a realizar por el Parque Nacional Torres del Paine.<\/p>\n","protected":false},"excerpt":{"rendered":"<p>Reconociendo que la autora del dibujo se present\u00f3 en las oficinas de la Corporaci\u00f3n Nacional Forestal (CONAF) en Puerto Natales, dando disculpas y mostr\u00e1ndose arrepentida, el director regional de la&#8230; <a class=\"read-more\" href=\"https:\/\/www.radiopresidenteibanez.cl\/web\/conaf-presento-denuncia-contra-turista-que-realizo-dibujo-en-roca-del-parque-nacional-torres-del-paine\/\">Leer m\u00e1s<\/a><\/p>\n","protected":false},"author":2,"featured_media":9103,"comment_status":"closed","ping_status":"closed","sticky":false,"template":"","format":"standard","meta":{"footnotes":""},"categories":[1],"tags":[],"class_list":["post-9102","post","type-post","status-publish","format-standard","has-post-thumbnail","hentry","category-cronica"],"_links":{"self":[{"href":"https:\/\/www.radiopresidenteibanez.cl\/web\/wp-json\/wp\/v2\/posts\/9102","targetHints":{"allow":["GET"]}}],"collection":[{"href":"https:\/\/www.radiopresidenteibanez.cl\/web\/wp-json\/wp\/v2\/posts"}],"about":[{"href":"https:\/\/www.radiopresidenteibanez.cl\/web\/wp-json\/wp\/v2\/types\/post"}],"author":[{"embeddable":true,"href":"https:\/\/www.radiopresidenteibanez.cl\/web\/wp-json\/wp\/v2\/users\/2"}],"replies":[{"embeddable":true,"href":"https:\/\/www.radiopresidenteibanez.cl\/web\/wp-json\/wp\/v2\/comments?post=9102"}],"version-history":[{"count":0,"href":"https:\/\/www.radiopresidenteibanez.cl\/web\/wp-json\/wp\/v2\/posts\/9102\/revisions"}],"wp:featuredmedia":[{"embeddable":true,"href":"https:\/\/www.radiopresidenteibanez.cl\/web\/wp-json\/wp\/v2\/media\/9103"}],"wp:attachment":[{"href":"https:\/\/www.radiopresidenteibanez.cl\/web\/wp-json\/wp\/v2\/media?parent=9102"}],"wp:term":[{"taxonomy":"category","embeddable":true,"href":"https:\/\/www.radiopresidenteibanez.cl\/web\/wp-json\/wp\/v2\/categories?post=9102"},{"taxonomy":"post_tag","embeddable":true,"href":"https:\/\/www.radiopresidenteibanez.cl\/web\/wp-json\/wp\/v2\/tags?post=9102"}],"curies":[{"name":"wp","href":"https:\/\/api.w.org\/{rel}","templated":true}]}}