{"id":9096,"date":"2020-01-17T19:53:26","date_gmt":"2020-01-17T19:53:26","guid":{"rendered":"https:\/\/www.radiopresidenteibanez.cl\/web\/?p=9096"},"modified":"2020-01-17T19:53:30","modified_gmt":"2020-01-17T19:53:30","slug":"mas-de-30-personas-asistieron-a-encuentro-de-dialogo-social-sobre-autonomia-economica-y-acoso-laboral-y-sexual","status":"publish","type":"post","link":"https:\/\/www.radiopresidenteibanez.cl\/web\/mas-de-30-personas-asistieron-a-encuentro-de-dialogo-social-sobre-autonomia-economica-y-acoso-laboral-y-sexual\/","title":{"rendered":"M\u00c1S DE 30 PERSONAS ASISTIERON A ENCUENTRO DE DI\u00c1LOGO SOCIAL SOBRE AUTONOM\u00cdA ECON\u00d3MICA Y ACOSO LABORAL Y SEXUAL."},"content":{"rendered":"\n<p>Participaron la Directora Ejecutiva de Proyecto Fomento a\nla Igualdad de G\u00e9nero en el Trabajo y Profesional de la Seremi de la Mujer.<\/p>\n\n\n\n<p>En el marco del proyecto\nFomento a la Igualdad de G\u00e9nero en el Trabajo, financiado por la Uni\u00f3n Europea\nse realiz\u00f3 exposici\u00f3n ante una audiencia de unas treinta personas.&nbsp; El grupo estuvo integrado por funcionarios\/as\np\u00fablicos\/as, dirigentas y dirigentes sindicales y autoridades, quienes\nparticiparon del Encuentro de di\u00e1logo social \u00abPresente y Futuro del\nTrabajo: Desaf\u00edos para la igualdad de G\u00e9nero\u00bb y en esta oportunidad se present\u00f3\nel Manual \u00abPrevenci\u00f3n y Sanci\u00f3n del Acoso en los Lugares de Trabajo\u00bb\norganizado por la Universidad Alberto Hurtado y el Servicio Nacional de la\nMujer y la Equidad de G\u00e9nero.<\/p>\n\n\n\n<p>En la actividad expuso la\nProfesional de Apoyo de la Seremi de la Mujer y la Equidad de G\u00e9nero Alejandra\nRuiz Ovando mencionando los Instrumentos pol\u00edticos t\u00e9cnicos para la autonom\u00eda\necon\u00f3mica de las mujeres como por ejemplo: los Objetivos de Desarrollo Sostenible,\nCuarto Plan de Igualdad entre Hombre y Mujeres 2018-2030 (en revisi\u00f3n), el\nPrograma de Gobierno 2018- 2022 (Agenda Mujer), Agenda Mujer Regional, Agenda\nlegislativa Ministerio de la Mujer y la Equidad de G\u00e9nero: tr\u00e1mites m\u00e1s\nrecientes.<\/p>\n\n\n\n<p>En tanto, Claudia Donaire,\nabogada y Coordinadora Ejecutiva del proyecto present\u00f3 el \u00abManual de Acoso\nSexual y Laboral\u00bb, desarrollado junto a otros\/as profesionales y\npatrocinado por la Universidad Alberto Hurtado, la Fundaci\u00f3n Chile Mujeres y la\nUni\u00f3n Europea.<\/p>\n\n\n\n<p>El manual busca ser una herramienta de apoyo para las\nempresas y organizaciones que est\u00e1n en la tarea de garantizar espacios\nlaborales libres de violencia. Su objetivo es entregar los contenidos\nnecesarios para prevenir, atender y sancionar el acoso laboral y el acoso sexual\nen el contexto de una relaci\u00f3n de trabajo, entregando consejos de medidas,\nprocesos y buenas pr\u00e1cticas para lograrlo.<\/p>\n\n\n\n<p>Al\nfinal de cada exposici\u00f3n se realiz\u00f3 una ronda de preguntas, donde las\nprofesionales despejaron las inquietudes de las y los participantes en la\nactividad.<\/p>\n","protected":false},"excerpt":{"rendered":"<p>Participaron la Directora Ejecutiva de Proyecto Fomento a la Igualdad de G\u00e9nero en el Trabajo y Profesional de la Seremi de la Mujer. En el marco del proyecto Fomento a&#8230; <a class=\"read-more\" href=\"https:\/\/www.radiopresidenteibanez.cl\/web\/mas-de-30-personas-asistieron-a-encuentro-de-dialogo-social-sobre-autonomia-economica-y-acoso-laboral-y-sexual\/\">Leer m\u00e1s<\/a><\/p>\n","protected":false},"author":2,"featured_media":9097,"comment_status":"closed","ping_status":"closed","sticky":false,"template":"","format":"standard","meta":{"footnotes":""},"categories":[1],"tags":[],"class_list":["post-9096","post","type-post","status-publish","format-standard","has-post-thumbnail","hentry","category-cronica"],"_links":{"self":[{"href":"https:\/\/www.radiopresidenteibanez.cl\/web\/wp-json\/wp\/v2\/posts\/9096","targetHints":{"allow":["GET"]}}],"collection":[{"href":"https:\/\/www.radiopresidenteibanez.cl\/web\/wp-json\/wp\/v2\/posts"}],"about":[{"href":"https:\/\/www.radiopresidenteibanez.cl\/web\/wp-json\/wp\/v2\/types\/post"}],"author":[{"embeddable":true,"href":"https:\/\/www.radiopresidenteibanez.cl\/web\/wp-json\/wp\/v2\/users\/2"}],"replies":[{"embeddable":true,"href":"https:\/\/www.radiopresidenteibanez.cl\/web\/wp-json\/wp\/v2\/comments?post=9096"}],"version-history":[{"count":0,"href":"https:\/\/www.radiopresidenteibanez.cl\/web\/wp-json\/wp\/v2\/posts\/9096\/revisions"}],"wp:featuredmedia":[{"embeddable":true,"href":"https:\/\/www.radiopresidenteibanez.cl\/web\/wp-json\/wp\/v2\/media\/9097"}],"wp:attachment":[{"href":"https:\/\/www.radiopresidenteibanez.cl\/web\/wp-json\/wp\/v2\/media?parent=9096"}],"wp:term":[{"taxonomy":"category","embeddable":true,"href":"https:\/\/www.radiopresidenteibanez.cl\/web\/wp-json\/wp\/v2\/categories?post=9096"},{"taxonomy":"post_tag","embeddable":true,"href":"https:\/\/www.radiopresidenteibanez.cl\/web\/wp-json\/wp\/v2\/tags?post=9096"}],"curies":[{"name":"wp","href":"https:\/\/api.w.org\/{rel}","templated":true}]}}