{"id":9093,"date":"2020-01-17T14:31:21","date_gmt":"2020-01-17T14:31:21","guid":{"rendered":"https:\/\/www.radiopresidenteibanez.cl\/web\/?p=9093"},"modified":"2020-01-17T14:31:24","modified_gmt":"2020-01-17T14:31:24","slug":"a-traves-de-instagram-mujer-pidio-disculpas-por-dibujo-en-una-de-las-rocas-en-torres-del-paine","status":"publish","type":"post","link":"https:\/\/www.radiopresidenteibanez.cl\/web\/a-traves-de-instagram-mujer-pidio-disculpas-por-dibujo-en-una-de-las-rocas-en-torres-del-paine\/","title":{"rendered":"A TRAV\u00c9S DE INSTAGRAM MUJER PIDI\u00d3 DISCULPAS POR DIBUJO EN UNA DE LAS ROCAS EN TORRES DEL PAINE"},"content":{"rendered":"\n<p>En su cuenta de Instagram @elisatttttt pidi\u00f3 disculpas de su actuar en Torres del Paine luego de realizar un dibujo en una de las rocas de la Octava Maravilla del Mundo, as\u00ed tambi\u00e9n confirm\u00f3 que se contactar\u00e1 con Conaf para entregar sus disculpas.<\/p>\n\n\n\n<p>Texto extra\u00eddo de instagram:<\/p>\n\n\n\n<p>Voy a hablar con Conaf esta ma\u00f1ana para disculparme.<br>Tambi\u00e9n me disculpo oficialmente con todo Chile por el horrendo gesto hecho en el parque, no hace falta decir que no se hizo con malas intenciones, sino como STUPIDO, REALMENTE EST\u00daPIDO dibujo votivo en la monta\u00f1a.<br>Te pido disculpas sinceramente.<\/p>\n\n\n\n<p>Se hizo en una piedra sobre una morena, no es visible y se hizo con pintura lavable, el dibujo ya no est\u00e1 all\u00ed; pero esto no justifica la est\u00fapida acci\u00f3n y para esto es muy importante que me disculpe con todos.<br>Cambi\u00e9 y puse el perfil privado de Instagram porque muchas personas comenzaron a escribirles a mis amigos, mi pareja y mi familia &#8230; Encontraron contactos y comenzaron a escribir cosas malas a personas que no ten\u00edan nada que ver con eso.<br>Mi novio no estaba conmigo porque estaba en las monta\u00f1as escalando con otro ni\u00f1o, con los permisos necesarios. Le pido amablemente que no hable mal de estas personas porque no estaban conmigo cuando hice algo tan est\u00fapido.<\/p>\n\n\n\n<p>Tambi\u00e9n me han llegado muchos mensajes, alguien denigr\u00f3 correctamente el gesto y repito que lo entiendo y lamento much\u00edsimo mi gesto est\u00fapido y sin sentido.<br>Pero tambi\u00e9n recib\u00ed muchos mensajes de odio con incitaci\u00f3n al suicidio o comentarios personales que no tienen nada que ver con la pintura.<br>Les pido que respeten y respeten la naturaleza por igual para las personas.<br>Las redes sociales a menudo tergiversan y magnifican la realidad, es m\u00e1s f\u00e1cil escribir cosas malas detr\u00e1s de un teclado, pero tengo la oportunidad de hablar en persona con las autoridades competentes.<\/p>\n\n\n\n<p>No soy un monstruo cuando fui pintado, mientras esperaba a los muchachos de la expedici\u00f3n, recog\u00ed mucha basura alrededor de la piedra pintada. Simplemente no pens\u00e9 en lo mala que era una idea por igual y qu\u00e9 tan basura hacer este dise\u00f1o en la piedra, as\u00ed que realmente desde el coraz\u00f3n, me disculpo con todos y tomo las consecuencias.<\/p>\n\n\n\n<p>Le pido amablemente que no le guste esta publicaci\u00f3n porque esta no es mi intenci\u00f3n, solo quiero disculparme.\n\n<\/p>\n","protected":false},"excerpt":{"rendered":"<p>En su cuenta de Instagram @elisatttttt pidi\u00f3 disculpas de su actuar en Torres del Paine luego de realizar un dibujo en una de las rocas de la Octava Maravilla del&#8230; <a class=\"read-more\" href=\"https:\/\/www.radiopresidenteibanez.cl\/web\/a-traves-de-instagram-mujer-pidio-disculpas-por-dibujo-en-una-de-las-rocas-en-torres-del-paine\/\">Leer m\u00e1s<\/a><\/p>\n","protected":false},"author":2,"featured_media":9094,"comment_status":"closed","ping_status":"closed","sticky":false,"template":"","format":"standard","meta":{"footnotes":""},"categories":[1],"tags":[],"class_list":["post-9093","post","type-post","status-publish","format-standard","has-post-thumbnail","hentry","category-cronica"],"_links":{"self":[{"href":"https:\/\/www.radiopresidenteibanez.cl\/web\/wp-json\/wp\/v2\/posts\/9093","targetHints":{"allow":["GET"]}}],"collection":[{"href":"https:\/\/www.radiopresidenteibanez.cl\/web\/wp-json\/wp\/v2\/posts"}],"about":[{"href":"https:\/\/www.radiopresidenteibanez.cl\/web\/wp-json\/wp\/v2\/types\/post"}],"author":[{"embeddable":true,"href":"https:\/\/www.radiopresidenteibanez.cl\/web\/wp-json\/wp\/v2\/users\/2"}],"replies":[{"embeddable":true,"href":"https:\/\/www.radiopresidenteibanez.cl\/web\/wp-json\/wp\/v2\/comments?post=9093"}],"version-history":[{"count":0,"href":"https:\/\/www.radiopresidenteibanez.cl\/web\/wp-json\/wp\/v2\/posts\/9093\/revisions"}],"wp:featuredmedia":[{"embeddable":true,"href":"https:\/\/www.radiopresidenteibanez.cl\/web\/wp-json\/wp\/v2\/media\/9094"}],"wp:attachment":[{"href":"https:\/\/www.radiopresidenteibanez.cl\/web\/wp-json\/wp\/v2\/media?parent=9093"}],"wp:term":[{"taxonomy":"category","embeddable":true,"href":"https:\/\/www.radiopresidenteibanez.cl\/web\/wp-json\/wp\/v2\/categories?post=9093"},{"taxonomy":"post_tag","embeddable":true,"href":"https:\/\/www.radiopresidenteibanez.cl\/web\/wp-json\/wp\/v2\/tags?post=9093"}],"curies":[{"name":"wp","href":"https:\/\/api.w.org\/{rel}","templated":true}]}}