{"id":9084,"date":"2020-01-17T00:29:10","date_gmt":"2020-01-17T00:29:10","guid":{"rendered":"https:\/\/www.radiopresidenteibanez.cl\/web\/?p=9084"},"modified":"2020-01-17T00:29:14","modified_gmt":"2020-01-17T00:29:14","slug":"con-la-presencia-de-la-ministra-karla-rubilar-municipio-potencia-programa-punta-arenas-te-cuida-y-aumenta-su-cobertura","status":"publish","type":"post","link":"https:\/\/www.radiopresidenteibanez.cl\/web\/con-la-presencia-de-la-ministra-karla-rubilar-municipio-potencia-programa-punta-arenas-te-cuida-y-aumenta-su-cobertura\/","title":{"rendered":"CON LA PRESENCIA DE LA MINISTRA KARLA RUBILAR, MUNICIPIO POTENCIA PROGRAMA PUNTA ARENAS TE CUIDA Y AUMENTA SU COBERTURA"},"content":{"rendered":"\n<p>Dolores Valenzuela tiene 100 a\u00f1os reci\u00e9n cumplidos, pero pese a ello es Dependiente Severa, raz\u00f3n por la cual su familia y en especial don Erno Donike, deben hacerse cargo de sus cuidados y requerimientos cotidianos. Es en ese escenario cuando aparece el Programa Municipal Punta Arenas Te Cuida, impulsado por el alcalde Claudio Radonich y el \u00c1rea de Salud de la Corporaci\u00f3n junto a todos los profesionales de los Centros de Salud Familiar de la comuna, quienes con entusiasmo, trabajo y profesionalismo han logrado consolidar la iniciativa, logrando una cobertura de mil pacientes en los \u00faltimos tres a\u00f1os.<\/p>\n\n\n\n<p>\u201cHace tres a\u00f1os atr\u00e1s la cobertura era de 200 pacientes. Hoy llegamos a mil y pronto a mil 200 a trav\u00e9s de nuestro Programa Punta Arenas Te Cuida y la incorporaci\u00f3n de mayores recursos del Municipio y el apoyo del Gobierno\u201d, explic\u00f3 el alcalde Radonich, quien valor\u00f3 el esfuerzo conjunto y la maravillosa cadena que se ha logrado consolidar.<\/p>\n\n\n\n<p>Asimismo, la autoridad comunal agreg\u00f3 que \u201cnos hicimos cargo de un problema real, con el compromiso de los profesionales que son parte del Programa, pero tambi\u00e9n de la ayuda fundamental de los cuidadores como Erno, que han dejado de lado sus propias vidas por mejorar la de otros\u201d.<\/p>\n\n\n\n<p>En la ocasi\u00f3n, la ministra vocera de Gobierno Karla Rubilar, de visita en la zona, destac\u00f3 la iniciativa y abri\u00f3 la posibilidad de que se pueda replicar en otros lugares de Chile. \u201cCreo que es una tremenda experiencia local, y quiz\u00e1s podr\u00edamos hacer un esfuerzo de replicar el programa en otros lugares, pero tambi\u00e9n avanzar de un Punta Arenas Te Cuida hacia un Chile Te Cuida, lo que ser\u00eda una muy buena pol\u00edtica desde el Ministerio de Salud y Ministerio de Desarrollo Social\u201d.<\/p>\n\n\n\n<p>A esto, la ministra de Estado agreg\u00f3 y dijo \u201cquiero felicitar al Alcalde y su equipo de profesionales, por este bello programa comunal, Punta Arenas Te Cuida, y sobre todo a los cuidadores de Dolores. Se nota la buena atenci\u00f3n, el buen trabajo, personalizado, dedicado, y tambi\u00e9n se observa que el equipo multidisciplinario es buen\u00edsimo y de mucho compromiso\u201d.<\/p>\n\n\n\n<p>En ese sentido, Rosa Bidart, a cargo del \u00c1rea Salud de la CORMUPA, explic\u00f3 que \u201clo que buscamos finalmente, es otorgar mayor cobertura con una atenci\u00f3n m\u00e1s acorde a las necesidades de nuestros vecinos m\u00e1s grandes\u201d.<\/p>\n\n\n\n<p>Junto a ello, Bidart valor\u00f3 que hasta ahora se han sumado diversos profesionales a los equipos de trabajo, aumentando las horas de enfermer\u00eda, kinesiolog\u00eda y trabajadores sociales, adem\u00e1s de sumar psic\u00f3logos, terapeutas ocupacionales y fonoaudi\u00f3logos.<\/p>\n\n\n\n<p>Finalmente, el alcalde Radonich manifest\u00f3 estar muy contento de que desde Magallanes se pueda innovar e invertir de mejor manera los recursos, quintuplicando la cobertura y aumentando la flota de veh\u00edculos para potenciar el Programa Punta Arenas Te Cuida.<\/p>\n","protected":false},"excerpt":{"rendered":"<p>Dolores Valenzuela tiene 100 a\u00f1os reci\u00e9n cumplidos, pero pese a ello es Dependiente Severa, raz\u00f3n por la cual su familia y en especial don Erno Donike, deben hacerse cargo de&#8230; <a class=\"read-more\" href=\"https:\/\/www.radiopresidenteibanez.cl\/web\/con-la-presencia-de-la-ministra-karla-rubilar-municipio-potencia-programa-punta-arenas-te-cuida-y-aumenta-su-cobertura\/\">Leer m\u00e1s<\/a><\/p>\n","protected":false},"author":2,"featured_media":9085,"comment_status":"closed","ping_status":"closed","sticky":false,"template":"","format":"standard","meta":{"footnotes":""},"categories":[1],"tags":[],"class_list":["post-9084","post","type-post","status-publish","format-standard","has-post-thumbnail","hentry","category-cronica"],"_links":{"self":[{"href":"https:\/\/www.radiopresidenteibanez.cl\/web\/wp-json\/wp\/v2\/posts\/9084","targetHints":{"allow":["GET"]}}],"collection":[{"href":"https:\/\/www.radiopresidenteibanez.cl\/web\/wp-json\/wp\/v2\/posts"}],"about":[{"href":"https:\/\/www.radiopresidenteibanez.cl\/web\/wp-json\/wp\/v2\/types\/post"}],"author":[{"embeddable":true,"href":"https:\/\/www.radiopresidenteibanez.cl\/web\/wp-json\/wp\/v2\/users\/2"}],"replies":[{"embeddable":true,"href":"https:\/\/www.radiopresidenteibanez.cl\/web\/wp-json\/wp\/v2\/comments?post=9084"}],"version-history":[{"count":0,"href":"https:\/\/www.radiopresidenteibanez.cl\/web\/wp-json\/wp\/v2\/posts\/9084\/revisions"}],"wp:featuredmedia":[{"embeddable":true,"href":"https:\/\/www.radiopresidenteibanez.cl\/web\/wp-json\/wp\/v2\/media\/9085"}],"wp:attachment":[{"href":"https:\/\/www.radiopresidenteibanez.cl\/web\/wp-json\/wp\/v2\/media?parent=9084"}],"wp:term":[{"taxonomy":"category","embeddable":true,"href":"https:\/\/www.radiopresidenteibanez.cl\/web\/wp-json\/wp\/v2\/categories?post=9084"},{"taxonomy":"post_tag","embeddable":true,"href":"https:\/\/www.radiopresidenteibanez.cl\/web\/wp-json\/wp\/v2\/tags?post=9084"}],"curies":[{"name":"wp","href":"https:\/\/api.w.org\/{rel}","templated":true}]}}