{"id":9081,"date":"2020-01-17T00:27:18","date_gmt":"2020-01-17T00:27:18","guid":{"rendered":"https:\/\/www.radiopresidenteibanez.cl\/web\/?p=9081"},"modified":"2020-01-17T00:27:22","modified_gmt":"2020-01-17T00:27:22","slug":"ninos-y-ninas-vivieron-la-experiencia-de-ser-voluntario-de-bomberos-por-un-dia","status":"publish","type":"post","link":"https:\/\/www.radiopresidenteibanez.cl\/web\/ninos-y-ninas-vivieron-la-experiencia-de-ser-voluntario-de-bomberos-por-un-dia\/","title":{"rendered":"NI\u00d1OS Y NI\u00d1AS VIVIERON LA EXPERIENCIA DE SER VOLUNTARIO DE BOMBEROS POR UN D\u00cdA"},"content":{"rendered":"\n<p>Una experiencia inolvidable vivieron este jueves (16 de enero), un grupo de\nni\u00f1os y ni\u00f1as que asisten a los Centros de Vacaciones Solidarios (Cevas) de la\nparroquia Santa Teresa de los Andes, en la Villa Alfredo Lorca. Ellos pudieron\ncompartir con voluntarios de la Bomba Alemana de Punta Arenas, y vivir, lo m\u00e1s\ncercano posible, la experiencia de ser un bombero.<\/p>\n\n\n\n<p>\u201cSe invit\u00f3 a los ni\u00f1os de los Cevas de la parroquia a compartir la\nexperiencia de ser bombero por un d\u00eda, y esto, debido a que se acerca el\naniversario n\u00famero 119 de nuestra compa\u00f1\u00eda que celebramos este fin de semana\u201d,\nse\u00f1al\u00f3 el director de la Bomba Alemana, Ren\u00e9 Rodr\u00edguez, destacando la\nimportancia que tiene la cercan\u00eda con la comunidad.<\/p>\n\n\n\n<p>Los asistentes, todos menores de entre 10 a 14 a\u00f1os, tuvieron la\nexperiencia de vestir la indumentaria bomberil y utilizar elementos propios de\nla extinci\u00f3n del fuego. Adem\u00e1s, pudieron conocer la forma adecuada de utilizar el\nn\u00famero telef\u00f3nico de emergencias 132; supieron c\u00f3mo se inmoviliza a una persona\nlesionada; e incluso, pudieron conocer desde dentro los veh\u00edculos destinado al\ncombate de incendios.<\/p>\n\n\n\n<p>Sobre la visita, Nicole Navarro, coordinadora de Cevas de la parroquia\nSanta Teresa de los Andes, explic\u00f3 que \u201clos bomberos nos contactaron para\nrealizar esta actividad, y nosotros aceptamos felices\u201d. Adem\u00e1s, detall\u00f3 que es\nla segunda actividad que se hace con los voluntarios, la anterior fue con los\nm\u00e1s peque\u00f1os que asisten a los Cevas.<\/p>\n\n\n\n<p>La iniciativa, es una de las tantas actividades que se han organizado para\ncompartir junto a la comunidad en el contexto del 119\u00ba aniversario de la\ncompa\u00f1\u00eda. Lo pr\u00f3ximo, ser\u00e1 el ejercicio anual y el bautizo de los nuevos\nintegrantes de las filas, lo que se realizar\u00e1 el s\u00e1bado 18 de enero, a las 18\nhoras, en la plazoleta ubicada en la esquina de Avenida Eduardo Frei y calle\nHornillas.<\/p>\n\n\n\n<p>Cabe indicar que el aniversario de la Bomba Alemana es el pr\u00f3ximo 19 de\nenero, d\u00eda en que tambi\u00e9n se desarrollar\u00e1 la tradicional romer\u00eda al Cementerio\nMunicipal, en memoria de los bomberos que ya han fallecido.<\/p>\n","protected":false},"excerpt":{"rendered":"<p>Una experiencia inolvidable vivieron este jueves (16 de enero), un grupo de ni\u00f1os y ni\u00f1as que asisten a los Centros de Vacaciones Solidarios (Cevas) de la parroquia Santa Teresa de&#8230; <a class=\"read-more\" href=\"https:\/\/www.radiopresidenteibanez.cl\/web\/ninos-y-ninas-vivieron-la-experiencia-de-ser-voluntario-de-bomberos-por-un-dia\/\">Leer m\u00e1s<\/a><\/p>\n","protected":false},"author":2,"featured_media":9082,"comment_status":"closed","ping_status":"closed","sticky":false,"template":"","format":"standard","meta":{"footnotes":""},"categories":[1],"tags":[],"class_list":["post-9081","post","type-post","status-publish","format-standard","has-post-thumbnail","hentry","category-cronica"],"_links":{"self":[{"href":"https:\/\/www.radiopresidenteibanez.cl\/web\/wp-json\/wp\/v2\/posts\/9081","targetHints":{"allow":["GET"]}}],"collection":[{"href":"https:\/\/www.radiopresidenteibanez.cl\/web\/wp-json\/wp\/v2\/posts"}],"about":[{"href":"https:\/\/www.radiopresidenteibanez.cl\/web\/wp-json\/wp\/v2\/types\/post"}],"author":[{"embeddable":true,"href":"https:\/\/www.radiopresidenteibanez.cl\/web\/wp-json\/wp\/v2\/users\/2"}],"replies":[{"embeddable":true,"href":"https:\/\/www.radiopresidenteibanez.cl\/web\/wp-json\/wp\/v2\/comments?post=9081"}],"version-history":[{"count":0,"href":"https:\/\/www.radiopresidenteibanez.cl\/web\/wp-json\/wp\/v2\/posts\/9081\/revisions"}],"wp:featuredmedia":[{"embeddable":true,"href":"https:\/\/www.radiopresidenteibanez.cl\/web\/wp-json\/wp\/v2\/media\/9082"}],"wp:attachment":[{"href":"https:\/\/www.radiopresidenteibanez.cl\/web\/wp-json\/wp\/v2\/media?parent=9081"}],"wp:term":[{"taxonomy":"category","embeddable":true,"href":"https:\/\/www.radiopresidenteibanez.cl\/web\/wp-json\/wp\/v2\/categories?post=9081"},{"taxonomy":"post_tag","embeddable":true,"href":"https:\/\/www.radiopresidenteibanez.cl\/web\/wp-json\/wp\/v2\/tags?post=9081"}],"curies":[{"name":"wp","href":"https:\/\/api.w.org\/{rel}","templated":true}]}}