{"id":908,"date":"2019-01-30T19:37:52","date_gmt":"2019-01-30T19:37:52","guid":{"rendered":"http:\/\/www.radiopresidenteibanez.cl\/web\/?p=908"},"modified":"2019-01-30T19:38:10","modified_gmt":"2019-01-30T19:38:10","slug":"el-2018-la-pdi-desarticulo-4-bandas-criminales-y-una-organizacion-criminal-de-caracter-transnacional","status":"publish","type":"post","link":"https:\/\/www.radiopresidenteibanez.cl\/web\/el-2018-la-pdi-desarticulo-4-bandas-criminales-y-una-organizacion-criminal-de-caracter-transnacional\/","title":{"rendered":"EL 2018 LA PDI DESARTICUL\u00d3 4 BANDAS CRIMINALES Y UNA ORGANIZACI\u00d3N CRIMINAL DE CAR\u00c1CTER TRANSNACIONAL"},"content":{"rendered":"\n<p>Con una\nceremonia en el auditorio de la Contralor\u00eda, la Brigada Antinarc\u00f3ticos y Contra\nel Crimen Organizado Punta Arenas conmemor\u00f3 su vig\u00e9simo s\u00e9ptimo aniversario. En\nla oportunidad, se realiz\u00f3 un balance del trabajo realizado el 2018 por la\nunidad y el equipo Microtr\u00e1fico Cero (MT-0). <\/p>\n\n\n\n<p>El 2018 la\nBrigada Antinarc\u00f3ticos y Contra el Crimen Organizado Punta Arenas detect\u00f3,\ndesarticul\u00f3 y neutraliz\u00f3 <strong>1 organizaci\u00f3n\ncriminal de car\u00e1cter transnacional<\/strong> en la operaci\u00f3n \u201cLos Sin Retorno\u201d y <strong>2 bandas criminales <\/strong>en la operaci\u00f3n\u201cImperio Austral II\u201d y \u201cLos G\u00e1lvez\u201d. <\/p>\n\n\n\n<p>Mediante el uso\nde la inteligencia policial y el an\u00e1lisis criminal, se ha desarrollado en la\nregi\u00f3n el Plan Comunal Antidrogas Microtr\u00e1fico Cero, a trav\u00e9s del trabajo\nespecializado de los equipos MT-0, mediante el cual se llevaron a cabo el a\u00f1o\npasado 19 procedimientos policiales, con 18 detenidos, conllevando a la desarticulaci\u00f3n\nde<strong> 2 bandas criminales,<\/strong> \u201cOperaci\u00f3n\nJos\u00e9 Miguel Carrera\u201d y \u201cTortoise\u201d.<\/p>\n\n\n\n<p><strong>Incautaciones<\/strong><\/p>\n\n\n\n<p>Los detectives\nde la Brigada Antinarc\u00f3ticos y Contra el Crimen Organizado y el equipo Microtr\u00e1fico\nCero, lograron incautar el a\u00f1o pasado, <strong>11\nkilos 821 gramos de clorhidrato de coca\u00edna y 7 kilos 476 gramos de cannabis\nsativa<\/strong>, equivalentes a 25.500 dosis, \u2013que de haber sido comercializadas- se\nhubieran obtenido alrededor de $349.000.000 en ganancias il\u00edcitas. Entre las\ndrogas que incautaron en mayor cantidad, se encuentran tambi\u00e9n <strong>98 plantas del g\u00e9nero cannabis<\/strong>. <\/p>\n\n\n\n<p>El comisario\nPatricio Flores, jefe de la Brigada Antinarc\u00f3ticos y Contra el Crimen\nOrganizado Punta Arenas, se\u00f1al\u00f3 que la unidad realiz\u00f3 un total de 123\nprocedimientos policiales el 2018, registrando un significativo aumento en las\nincautaciones de droga. \u201cEstamos muy contentos con los resultados, ya que se\nlograron desarticular y se neutralizaron cuatro bandas criminales y una\norganizaci\u00f3n de car\u00e1cter transnacional\u201d, indic\u00f3 el comisario quien agreg\u00f3 que\neste a\u00f1o ya han dado dos golpes al tr\u00e1fico de drogas, tanto en Porvenir como en\nPuerto Natales y que existen otras investigaciones en desarrollo.&nbsp; <\/p>\n\n\n\n<p>La ceremonia\ncont\u00f3 con la presencia del Jefe Nacional Antinarc\u00f3ticos y Contra el Crimen\nOrganizado, Prefecto Inspector Leonardo Torres, quien explic\u00f3 que los\ndetectives constantemente se est\u00e1n capacitando. \u201cEl prop\u00f3sito del trabajo\npolicial est\u00e1 orientado a combatir las grandes estructuras criminales. El\ndelito evoluciona a diario y va utilizando las grandes herramientas que entrega\nla globalizaci\u00f3n y el avance de las tecnolog\u00edas, por lo tanto, una de las\nprincipales fuentes de capacitaci\u00f3n nuestra es a trav\u00e9s del conocimiento de\nherramientas tecnol\u00f3gicas y tambi\u00e9n el aprendizaje respecto a perfilamiento de\nlos riesgos asociados al tr\u00e1fico de drogas\u201d. &nbsp;<\/p>\n\n\n\n<p><strong>Reconocimientos<\/strong><\/p>\n\n\n\n<p>En la ceremonia,\nel Jefe de la Regi\u00f3n Policial de Magallanes y la Ant\u00e1rtica Chilena, Prefecto\nInspector V\u00edctor Arriagada Mauna, junto al Jefe Nacional Antinarc\u00f3ticos y Contra\nel Crimen Organizado, Prefecto Inspector Leonardo Torres Ram\u00edrez, entregaron un\nreconocimiento especial al asistente policial Emilio Miranda, quien se\nencuentra pr\u00f3ximo a cumplir 11 a\u00f1os en la lucha contra el tr\u00e1fico de drogas en\nla regi\u00f3n de Magallanes, desempe\u00f1\u00e1ndose como gu\u00eda canino de la brigada. <\/p>\n\n\n\n<p>Tambi\u00e9n fue reconocido el subinspector Francisco Ojeda quien cumpli\u00f3 con \u00e9xito el curso de gu\u00edas para perros de trabajo policial, en dependencias de la Brigada de Adiestramiento Canino de la PDI en Santiago. <\/p>\n\n\n\n<ul class=\"wp-block-gallery columns-2 is-cropped wp-block-gallery-1 is-layout-flex wp-block-gallery-is-layout-flex\"><li class=\"blocks-gallery-item\"><figure><img loading=\"lazy\" decoding=\"async\" width=\"1024\" height=\"683\" src=\"https:\/\/www.radiopresidenteibanez.cl\/web\/wp-content\/uploads\/2019\/01\/IMG_7837-3-1-1024x683.jpg\" alt=\"\" data-id=\"910\" data-link=\"https:\/\/www.radiopresidenteibanez.cl\/web\/?attachment_id=910\" class=\"wp-image-910\" srcset=\"https:\/\/www.radiopresidenteibanez.cl\/web\/wp-content\/uploads\/2019\/01\/IMG_7837-3-1-1024x683.jpg 1024w, https:\/\/www.radiopresidenteibanez.cl\/web\/wp-content\/uploads\/2019\/01\/IMG_7837-3-1-300x200.jpg 300w, https:\/\/www.radiopresidenteibanez.cl\/web\/wp-content\/uploads\/2019\/01\/IMG_7837-3-1-768x512.jpg 768w\" sizes=\"auto, (max-width: 1024px) 100vw, 1024px\" \/><\/figure><\/li><li class=\"blocks-gallery-item\"><figure><img loading=\"lazy\" decoding=\"async\" width=\"900\" height=\"599\" src=\"https:\/\/www.radiopresidenteibanez.cl\/web\/wp-content\/uploads\/2019\/01\/jefe-antinarc\u00f3ticos-Punta-Arenas-.jpg\" alt=\"\" data-id=\"911\" data-link=\"https:\/\/www.radiopresidenteibanez.cl\/web\/?attachment_id=911\" class=\"wp-image-911\" srcset=\"https:\/\/www.radiopresidenteibanez.cl\/web\/wp-content\/uploads\/2019\/01\/jefe-antinarc\u00f3ticos-Punta-Arenas-.jpg 900w, https:\/\/www.radiopresidenteibanez.cl\/web\/wp-content\/uploads\/2019\/01\/jefe-antinarc\u00f3ticos-Punta-Arenas--300x200.jpg 300w, https:\/\/www.radiopresidenteibanez.cl\/web\/wp-content\/uploads\/2019\/01\/jefe-antinarc\u00f3ticos-Punta-Arenas--768x511.jpg 768w\" sizes=\"auto, (max-width: 900px) 100vw, 900px\" \/><\/figure><\/li><li class=\"blocks-gallery-item\"><figure><img loading=\"lazy\" decoding=\"async\" width=\"900\" height=\"629\" src=\"https:\/\/www.radiopresidenteibanez.cl\/web\/wp-content\/uploads\/2019\/01\/jefe-regional.jpg\" alt=\"\" data-id=\"912\" data-link=\"https:\/\/www.radiopresidenteibanez.cl\/web\/?attachment_id=912\" class=\"wp-image-912\" srcset=\"https:\/\/www.radiopresidenteibanez.cl\/web\/wp-content\/uploads\/2019\/01\/jefe-regional.jpg 900w, https:\/\/www.radiopresidenteibanez.cl\/web\/wp-content\/uploads\/2019\/01\/jefe-regional-300x210.jpg 300w, https:\/\/www.radiopresidenteibanez.cl\/web\/wp-content\/uploads\/2019\/01\/jefe-regional-768x537.jpg 768w\" sizes=\"auto, (max-width: 900px) 100vw, 900px\" \/><\/figure><\/li><\/ul>\n","protected":false},"excerpt":{"rendered":"<p>Con una ceremonia en el auditorio de la Contralor\u00eda, la Brigada Antinarc\u00f3ticos y Contra el Crimen Organizado Punta Arenas conmemor\u00f3 su vig\u00e9simo s\u00e9ptimo aniversario. En la oportunidad, se realiz\u00f3 un&#8230; <a class=\"read-more\" href=\"https:\/\/www.radiopresidenteibanez.cl\/web\/el-2018-la-pdi-desarticulo-4-bandas-criminales-y-una-organizacion-criminal-de-caracter-transnacional\/\">Leer m\u00e1s<\/a><\/p>\n","protected":false},"author":2,"featured_media":911,"comment_status":"closed","ping_status":"closed","sticky":false,"template":"","format":"standard","meta":{"footnotes":""},"categories":[1],"tags":[],"class_list":["post-908","post","type-post","status-publish","format-standard","has-post-thumbnail","hentry","category-cronica"],"_links":{"self":[{"href":"https:\/\/www.radiopresidenteibanez.cl\/web\/wp-json\/wp\/v2\/posts\/908","targetHints":{"allow":["GET"]}}],"collection":[{"href":"https:\/\/www.radiopresidenteibanez.cl\/web\/wp-json\/wp\/v2\/posts"}],"about":[{"href":"https:\/\/www.radiopresidenteibanez.cl\/web\/wp-json\/wp\/v2\/types\/post"}],"author":[{"embeddable":true,"href":"https:\/\/www.radiopresidenteibanez.cl\/web\/wp-json\/wp\/v2\/users\/2"}],"replies":[{"embeddable":true,"href":"https:\/\/www.radiopresidenteibanez.cl\/web\/wp-json\/wp\/v2\/comments?post=908"}],"version-history":[{"count":0,"href":"https:\/\/www.radiopresidenteibanez.cl\/web\/wp-json\/wp\/v2\/posts\/908\/revisions"}],"wp:featuredmedia":[{"embeddable":true,"href":"https:\/\/www.radiopresidenteibanez.cl\/web\/wp-json\/wp\/v2\/media\/911"}],"wp:attachment":[{"href":"https:\/\/www.radiopresidenteibanez.cl\/web\/wp-json\/wp\/v2\/media?parent=908"}],"wp:term":[{"taxonomy":"category","embeddable":true,"href":"https:\/\/www.radiopresidenteibanez.cl\/web\/wp-json\/wp\/v2\/categories?post=908"},{"taxonomy":"post_tag","embeddable":true,"href":"https:\/\/www.radiopresidenteibanez.cl\/web\/wp-json\/wp\/v2\/tags?post=908"}],"curies":[{"name":"wp","href":"https:\/\/api.w.org\/{rel}","templated":true}]}}