{"id":9078,"date":"2020-01-17T00:25:12","date_gmt":"2020-01-17T00:25:12","guid":{"rendered":"https:\/\/www.radiopresidenteibanez.cl\/web\/?p=9078"},"modified":"2020-01-17T00:25:15","modified_gmt":"2020-01-17T00:25:15","slug":"festival-de-nadadores-menores-verano-2020","status":"publish","type":"post","link":"https:\/\/www.radiopresidenteibanez.cl\/web\/festival-de-nadadores-menores-verano-2020\/","title":{"rendered":"FESTIVAL DE NADADORES MENORES VERANO 2020"},"content":{"rendered":"\n<p>La Federaci\u00f3n Chilena de Deportes Acu\u00e1ticos convoca a todos los nadadores menores del pa\u00eds a participar en el FESTIVAL DE MENORES VERANO 2020, que se desarrollar\u00e1 los d\u00edas, 16 y 17 de enero en el norte del pa\u00eds.<\/p>\n\n\n\n<p>En el lugar se congregar\u00e1n nadadores menores de todo Chile y que buscan demostrar lo mejor de la disciplina que se gan\u00f3 un lugar entre los deportes en el pa\u00eds.<\/p>\n\n\n\n<p>En la ocasi\u00f3n tambi\u00e9n se presentar\u00e1 una delegaci\u00f3n de peque\u00f1as y peque\u00f1os de nuestra ciudad a los cuales le deseamos lo mejor en esta gran aventura.<\/p>\n","protected":false},"excerpt":{"rendered":"<p>La Federaci\u00f3n Chilena de Deportes Acu\u00e1ticos convoca a todos los nadadores menores del pa\u00eds a participar en el FESTIVAL DE MENORES VERANO 2020, que se desarrollar\u00e1 los d\u00edas, 16 y&#8230; <a class=\"read-more\" href=\"https:\/\/www.radiopresidenteibanez.cl\/web\/festival-de-nadadores-menores-verano-2020\/\">Leer m\u00e1s<\/a><\/p>\n","protected":false},"author":2,"featured_media":9079,"comment_status":"closed","ping_status":"closed","sticky":false,"template":"","format":"standard","meta":{"footnotes":""},"categories":[1],"tags":[],"class_list":["post-9078","post","type-post","status-publish","format-standard","has-post-thumbnail","hentry","category-cronica"],"_links":{"self":[{"href":"https:\/\/www.radiopresidenteibanez.cl\/web\/wp-json\/wp\/v2\/posts\/9078","targetHints":{"allow":["GET"]}}],"collection":[{"href":"https:\/\/www.radiopresidenteibanez.cl\/web\/wp-json\/wp\/v2\/posts"}],"about":[{"href":"https:\/\/www.radiopresidenteibanez.cl\/web\/wp-json\/wp\/v2\/types\/post"}],"author":[{"embeddable":true,"href":"https:\/\/www.radiopresidenteibanez.cl\/web\/wp-json\/wp\/v2\/users\/2"}],"replies":[{"embeddable":true,"href":"https:\/\/www.radiopresidenteibanez.cl\/web\/wp-json\/wp\/v2\/comments?post=9078"}],"version-history":[{"count":0,"href":"https:\/\/www.radiopresidenteibanez.cl\/web\/wp-json\/wp\/v2\/posts\/9078\/revisions"}],"wp:featuredmedia":[{"embeddable":true,"href":"https:\/\/www.radiopresidenteibanez.cl\/web\/wp-json\/wp\/v2\/media\/9079"}],"wp:attachment":[{"href":"https:\/\/www.radiopresidenteibanez.cl\/web\/wp-json\/wp\/v2\/media?parent=9078"}],"wp:term":[{"taxonomy":"category","embeddable":true,"href":"https:\/\/www.radiopresidenteibanez.cl\/web\/wp-json\/wp\/v2\/categories?post=9078"},{"taxonomy":"post_tag","embeddable":true,"href":"https:\/\/www.radiopresidenteibanez.cl\/web\/wp-json\/wp\/v2\/tags?post=9078"}],"curies":[{"name":"wp","href":"https:\/\/api.w.org\/{rel}","templated":true}]}}