{"id":9075,"date":"2020-01-17T00:15:48","date_gmt":"2020-01-17T00:15:48","guid":{"rendered":"https:\/\/www.radiopresidenteibanez.cl\/web\/?p=9075"},"modified":"2020-01-17T00:15:51","modified_gmt":"2020-01-17T00:15:51","slug":"durante-reunion-sostenida-en-la-intendencia-de-magallanes-aguas-magallanes-anuncia-agresivo-plan-de-inversiones","status":"publish","type":"post","link":"https:\/\/www.radiopresidenteibanez.cl\/web\/durante-reunion-sostenida-en-la-intendencia-de-magallanes-aguas-magallanes-anuncia-agresivo-plan-de-inversiones\/","title":{"rendered":"DURANTE REUNI\u00d3N SOSTENIDA EN LA INTENDENCIA DE MAGALLANES: AGUAS MAGALLANES ANUNCIA AGRESIVO PLAN DE INVERSIONES"},"content":{"rendered":"\n<p>Conocer el plan de inversiones que la compa\u00f1\u00eda proyecta al 2021 fue una de los principales ejes abordados durante esta ma\u00f1ana por el Intendente Jos\u00e9 Fern\u00e1ndez D\u00fcbrock y el gerente regional de Aguas Magallanes, Christian Adema Galetovic.<\/p>\n\n\n\n<p>Durante la cita, Adema inform\u00f3 detalles sobre el hist\u00f3rico plan de inversiones que la compa\u00f1\u00eda inici\u00f3 en 2019, donde ya se han invertido cuatro mil millones &nbsp;y cuyas obras de mayor envergadura e impacto en el servicio, implican la ampliaci\u00f3n de la Planta de Agua Potable de Punta Arenas, que permitir\u00e1 incrementar su actual capacidad de producci\u00f3n en 150 litros por segundo; asimismo, la ampliaci\u00f3n de la Planta de Producci\u00f3n de Puerto Natales y hacia el 2021 el t\u00e9rmino de nuevas obras de ampliaci\u00f3n de la Planta de Tratamiento de Aguas Servidas tambi\u00e9n en la comuna de natalina.<\/p>\n\n\n\n<p>De esta forma la sanitaria proyecta inversiones por un monto cercano a las $12 mil millones de pesos, cifra que&nbsp; considera, adem\u00e1s de las grandes inversiones antes mencionadas, la renovaci\u00f3n de redes de agua potable y aguas servidas, equipamiento, cambio de medidores, telemetr\u00eda, control y mejora de procesos, entre otros.<\/p>\n\n\n\n<p>Por su parte el Intendente Fern\u00e1ndez tambi\u00e9n se refiri\u00f3 a la importancia de robustecer obras de infraestructura sanitaria, principalmente en el sector de la captaci\u00f3n de agua cruda en la comuna de Cabo de Hornos, tras el reciente evento clim\u00e1tico que deriv\u00f3 en un corte del suministro que afect\u00f3 a la poblaci\u00f3n. Si bien la situaci\u00f3n pudo ser superada por Aguas Magallanes, en la misma l\u00ednea, la autoridad regional anunci\u00f3 gestiones para iniciar un trabajo conjunto con la Divisi\u00f3n de Infraestructura del Gobierno regional, con el objetivo, indic\u00f3, \u201cde analizar y ver c\u00f3mo podemos avanzar y dar mayor seguridad en la distribuci\u00f3n de agua a la comunidad\u201d. Al respecto Christian Adema esgrimi\u00f3 que \u201cse requiere una modernizaci\u00f3n de los sistemas que operan en dicha comuna de manera de garantizar la calidad del agua, a pesar de estos problemas clim\u00e1ticos que van aumentando y en consecuencia afectando al sobrepasar las capacidades de la infraestructura instalada\u201d.<\/p>\n","protected":false},"excerpt":{"rendered":"<p>Conocer el plan de inversiones que la compa\u00f1\u00eda proyecta al 2021 fue una de los principales ejes abordados durante esta ma\u00f1ana por el Intendente Jos\u00e9 Fern\u00e1ndez D\u00fcbrock y el gerente&#8230; <a class=\"read-more\" href=\"https:\/\/www.radiopresidenteibanez.cl\/web\/durante-reunion-sostenida-en-la-intendencia-de-magallanes-aguas-magallanes-anuncia-agresivo-plan-de-inversiones\/\">Leer m\u00e1s<\/a><\/p>\n","protected":false},"author":2,"featured_media":9076,"comment_status":"closed","ping_status":"closed","sticky":false,"template":"","format":"standard","meta":{"footnotes":""},"categories":[1],"tags":[],"class_list":["post-9075","post","type-post","status-publish","format-standard","has-post-thumbnail","hentry","category-cronica"],"_links":{"self":[{"href":"https:\/\/www.radiopresidenteibanez.cl\/web\/wp-json\/wp\/v2\/posts\/9075","targetHints":{"allow":["GET"]}}],"collection":[{"href":"https:\/\/www.radiopresidenteibanez.cl\/web\/wp-json\/wp\/v2\/posts"}],"about":[{"href":"https:\/\/www.radiopresidenteibanez.cl\/web\/wp-json\/wp\/v2\/types\/post"}],"author":[{"embeddable":true,"href":"https:\/\/www.radiopresidenteibanez.cl\/web\/wp-json\/wp\/v2\/users\/2"}],"replies":[{"embeddable":true,"href":"https:\/\/www.radiopresidenteibanez.cl\/web\/wp-json\/wp\/v2\/comments?post=9075"}],"version-history":[{"count":0,"href":"https:\/\/www.radiopresidenteibanez.cl\/web\/wp-json\/wp\/v2\/posts\/9075\/revisions"}],"wp:featuredmedia":[{"embeddable":true,"href":"https:\/\/www.radiopresidenteibanez.cl\/web\/wp-json\/wp\/v2\/media\/9076"}],"wp:attachment":[{"href":"https:\/\/www.radiopresidenteibanez.cl\/web\/wp-json\/wp\/v2\/media?parent=9075"}],"wp:term":[{"taxonomy":"category","embeddable":true,"href":"https:\/\/www.radiopresidenteibanez.cl\/web\/wp-json\/wp\/v2\/categories?post=9075"},{"taxonomy":"post_tag","embeddable":true,"href":"https:\/\/www.radiopresidenteibanez.cl\/web\/wp-json\/wp\/v2\/tags?post=9075"}],"curies":[{"name":"wp","href":"https:\/\/api.w.org\/{rel}","templated":true}]}}