{"id":9072,"date":"2020-01-17T00:12:54","date_gmt":"2020-01-17T00:12:54","guid":{"rendered":"https:\/\/www.radiopresidenteibanez.cl\/web\/?p=9072"},"modified":"2020-01-17T00:12:59","modified_gmt":"2020-01-17T00:12:59","slug":"puerto-eden-es-la-localidad-elegida-como-zona-rezagada-en-la-region-de-magallanes-y-de-la-antartica-chilena","status":"publish","type":"post","link":"https:\/\/www.radiopresidenteibanez.cl\/web\/puerto-eden-es-la-localidad-elegida-como-zona-rezagada-en-la-region-de-magallanes-y-de-la-antartica-chilena\/","title":{"rendered":"PUERTO ED\u00c9N, ES LA LOCALIDAD ELEGIDA COMO \u201cZONA REZAGADA\u201d EN LA REGI\u00d3N DE MAGALLANES Y DE LA ANT\u00c1RTICA CHILENA."},"content":{"rendered":"\n<p>Una\nbuena noticia para los habitantes de Puerto Ed\u00e9n es la que se dio a conocer por\nparte del Jefe Regional de Subdere Jacques Roux y el Jefe de la Divisi\u00f3n de\nPlanificaci\u00f3n y Desarrollo Regional Juan Carlos Oyarzun, desde este momento\nest\u00e1 aislada localidad de nuestra regi\u00f3n posee la condici\u00f3n de \u201cZona Rezagada\u201d\ncondici\u00f3n que permitir\u00e1 generar proyectos y programas de inversi\u00f3n que hab\u00edan\nsido postergados en el \u00faltimo tiempo y que hoy podr\u00e1n ser una realidad, dicha\ncondici\u00f3n permitir\u00e1 generar iniciativas por los pr\u00f3ximos 8 a\u00f1os, lo que busca\ngenerar un cambio radical en la condici\u00f3n de vida de los habitantes de esta\nic\u00f3nica y aislada zona de nuestra regi\u00f3n.&nbsp;&nbsp;\n<\/p>\n\n\n\n<p>Jacques Roux destaco\nel trabajo que se realiz\u00f3 en nuestra regi\u00f3n, en lo particular la alianza\nestrat\u00e9gica junto al Gobierno Regional para preparar la iniciativa y ser\npresentada al Consejo Regional, \u00f3rgano colegiado que dio su aprobaci\u00f3n y voto a\nfavor de Puerto Ed\u00e9n.<\/p>\n\n\n\n<p>En dicha l\u00ednea el\nJefe de la Divisi\u00f3n de Planificaci\u00f3n y Desarrollo Regional, Juan Carlos\nOyarzun, destaco el apoyo transversal del Core, lo que permitir\u00e1 trabajar en el\ncorto plazo en medidas, programas y proyectos que terminaran prontamente siendo\nun real aporte para esta localidad aislada de nuestra regi\u00f3n.<\/p>\n\n\n\n<p>Se\ndefine como Zona Rezagada al \u201cterritorio declarado como tal, por el acto\nadministrativo correspondiente, compuesto por una comuna o una agrupaci\u00f3n de\ncomunas contiguas dentro de una regi\u00f3n, que cumplan con los criterios e\nindicadores definidos en el reglamento\u201d. De esta forma los criterios que se\nconsiderar\u00e1n para que un territorio sea susceptible de ser propuesto como zona\nrezagada, ser\u00e1n Condici\u00f3n de Aislamiento y Brechas Sociales. <\/p>\n\n\n\n<p>Esta iniciativa\nde la ley 21.074\nsobre Fortalecimiento de la Regionalizaci\u00f3n defini\u00f3 que deb\u00eda dictarse un\nreglamento que fijara la pol\u00edtica nacional sobre Zonas Rezagadas en materia\nsocial por parte del Ministerio del Interior y Seguridad P\u00fablica, a trav\u00e9s de\nla Subsecretar\u00eda de Desarrollo Regional, reglamento que fue publicado el 14 de\nFebrero del 2019 y que ha permitido a la fecha que subdere, desarrolle un\ntrabajo conjunto con gran parte de los gobiernos regionales del pa\u00eds para los\nprocesos de dise\u00f1o e implementaci\u00f3n de los planes de rezago en cada una de\nellas.<\/p>\n\n\n\n<p>Que este territorio\nsea declarado Zona Rezagada, implica preparar un plan de trabajo que considere alrededor\nde 15 proyectos emblem\u00e1ticos para dicho poblado, enfoc\u00e1ndolos principalmente en\nservicios b\u00e1sicos, como bot\u00f3n de muestra el alcantarillado de la mencionada\nlocalidad que es una necesidad que presenta actualmente, entre otras\ndeficiencias que se espera sean abordadas a la brevedad.<\/p>\n\n\n\n<p>El equipo t\u00e9cnico del\nGore, trabajar\u00e1 para presentar un plan estrat\u00e9gico en el mes de abril, el cual\ntendr\u00e1 una duraci\u00f3n de 8 a\u00f1os, y contar\u00e1 con recursos que bordean los dos mil\nmillones de pesos anuales, entregados a trav\u00e9s de Subdere, adem\u00e1s de presupuestos\nsectoriales y del Gobierno Regional.<\/p>\n\n\n\n<p>De acuerdo al reglamento el equipo t\u00e9cnico del Gore, debe evaluar los\nproyectos de este plan, para luego ser aprobado por la Subdere. <\/p>\n","protected":false},"excerpt":{"rendered":"<p>Una buena noticia para los habitantes de Puerto Ed\u00e9n es la que se dio a conocer por parte del Jefe Regional de Subdere Jacques Roux y el Jefe de la&#8230; <a class=\"read-more\" href=\"https:\/\/www.radiopresidenteibanez.cl\/web\/puerto-eden-es-la-localidad-elegida-como-zona-rezagada-en-la-region-de-magallanes-y-de-la-antartica-chilena\/\">Leer m\u00e1s<\/a><\/p>\n","protected":false},"author":2,"featured_media":9073,"comment_status":"closed","ping_status":"closed","sticky":false,"template":"","format":"standard","meta":{"footnotes":""},"categories":[1],"tags":[],"class_list":["post-9072","post","type-post","status-publish","format-standard","has-post-thumbnail","hentry","category-cronica"],"_links":{"self":[{"href":"https:\/\/www.radiopresidenteibanez.cl\/web\/wp-json\/wp\/v2\/posts\/9072","targetHints":{"allow":["GET"]}}],"collection":[{"href":"https:\/\/www.radiopresidenteibanez.cl\/web\/wp-json\/wp\/v2\/posts"}],"about":[{"href":"https:\/\/www.radiopresidenteibanez.cl\/web\/wp-json\/wp\/v2\/types\/post"}],"author":[{"embeddable":true,"href":"https:\/\/www.radiopresidenteibanez.cl\/web\/wp-json\/wp\/v2\/users\/2"}],"replies":[{"embeddable":true,"href":"https:\/\/www.radiopresidenteibanez.cl\/web\/wp-json\/wp\/v2\/comments?post=9072"}],"version-history":[{"count":0,"href":"https:\/\/www.radiopresidenteibanez.cl\/web\/wp-json\/wp\/v2\/posts\/9072\/revisions"}],"wp:featuredmedia":[{"embeddable":true,"href":"https:\/\/www.radiopresidenteibanez.cl\/web\/wp-json\/wp\/v2\/media\/9073"}],"wp:attachment":[{"href":"https:\/\/www.radiopresidenteibanez.cl\/web\/wp-json\/wp\/v2\/media?parent=9072"}],"wp:term":[{"taxonomy":"category","embeddable":true,"href":"https:\/\/www.radiopresidenteibanez.cl\/web\/wp-json\/wp\/v2\/categories?post=9072"},{"taxonomy":"post_tag","embeddable":true,"href":"https:\/\/www.radiopresidenteibanez.cl\/web\/wp-json\/wp\/v2\/tags?post=9072"}],"curies":[{"name":"wp","href":"https:\/\/api.w.org\/{rel}","templated":true}]}}