{"id":9070,"date":"2020-01-17T00:09:23","date_gmt":"2020-01-17T00:09:23","guid":{"rendered":"https:\/\/www.radiopresidenteibanez.cl\/web\/?p=9070"},"modified":"2020-01-17T00:09:26","modified_gmt":"2020-01-17T00:09:26","slug":"diputada-amar-destaco-aprobacion-de-ley-que-sanciona-actos-de-violencia-en-contexto-de-manifestaciones-publica-y-sa-queos","status":"publish","type":"post","link":"https:\/\/www.radiopresidenteibanez.cl\/web\/diputada-amar-destaco-aprobacion-de-ley-que-sanciona-actos-de-violencia-en-contexto-de-manifestaciones-publica-y-sa-queos\/","title":{"rendered":"DIPUTADA AMAR DESTACO APROBACI\u00d3N DE LEY QUE SANCIONA ACTOS DE VIOLENCIA EN CONTEXTO DE MANIFESTACIONES P\u00daBLICA Y SA-QUEOS."},"content":{"rendered":"\n<p>Por 88 votos a favor, 56 en contra y\n4 abstenciones, la sala de la c\u00e1mara de Diputados dej\u00f3 listo el proyecto que\n\u00abtipifica acciones que atenten contra la libertad de circulaci\u00f3n de las\npersonas en la v\u00eda p\u00fablica a trav\u00e9s de medios violentos e intimidatorios y fija\nlas penas aplicables al saqueo.<\/p>\n\n\n\n<p>Esta tramitaci\u00f3n se debi\u00f3 a que grupos\nminoritarios conllevara a una serie de acontecimientos que han tenido por\nprotagonista la violencia, llevando a que replanteara seriamente medidas de\ndr\u00e1sticas para enfrentarlo.<\/p>\n\n\n\n<p>La Diputada Sandra\nAmar, se\u00f1al\u00f3 que \u201cyo vote a favor y destaco que se haya logrado la aprobaci\u00f3n\nen la c\u00e1mara de diputados, ya que es una ley que busca dar una herramienta m\u00e1s\nal Ministerio P\u00fablico, para que sancione estos actos delictivos que se dan en\nsituaciones excepcionales, donde ciertos individuos o grupos se aprovechan de\nla situaci\u00f3n particular que vive el pa\u00eds para destruir, robar , saquear y\nprovocar da\u00f1os, generando p\u00e9rdida de fuentes laborales que han afectado a las\npersonas de clase media y vulnerables de nuestro pa\u00eds\u201d.<\/p>\n\n\n\n<p>Agregando que \u201cPor\nlo tanto, es una ley indispensable para que se puedan ejercer las acciones\nlegales pertinentes, que restablezcan la tranquilidad de todos los chilenos,\nconsiderando que hay una serie de hechos que quedan impunes por ser ciertos\ntipos penales de dif\u00edcil aplicaci\u00f3n. Sin embargo, este proyecto permitir\u00e1\nperseguirlos, protegiendo efectivamente el bien jur\u00eddico del orden p\u00fablico y la\npaz social\u201d.<\/p>\n\n\n\n<p>Parte del nuevo\ntexto de la ley, indica que ser\u00e1 sancionado con la pena de presidio menor en su\ngrado m\u00ednimo (desde 61 d\u00edas a 540 d\u00edas) el que, sin estar autorizado,\ninterrumpa completamente la libre circulaci\u00f3n de personas o veh\u00edculos en la v\u00eda\np\u00fablica, mediante violencia o intimidaci\u00f3n en las personas o la instalaci\u00f3n de\nobst\u00e1culos levantados en la misma con objetos diversos.<\/p>\n","protected":false},"excerpt":{"rendered":"<p>Por 88 votos a favor, 56 en contra y 4 abstenciones, la sala de la c\u00e1mara de Diputados dej\u00f3 listo el proyecto que \u00abtipifica acciones que atenten contra la libertad&#8230; <a class=\"read-more\" href=\"https:\/\/www.radiopresidenteibanez.cl\/web\/diputada-amar-destaco-aprobacion-de-ley-que-sanciona-actos-de-violencia-en-contexto-de-manifestaciones-publica-y-sa-queos\/\">Leer m\u00e1s<\/a><\/p>\n","protected":false},"author":2,"featured_media":3008,"comment_status":"closed","ping_status":"closed","sticky":false,"template":"","format":"standard","meta":{"footnotes":""},"categories":[1],"tags":[],"class_list":["post-9070","post","type-post","status-publish","format-standard","has-post-thumbnail","hentry","category-cronica"],"_links":{"self":[{"href":"https:\/\/www.radiopresidenteibanez.cl\/web\/wp-json\/wp\/v2\/posts\/9070","targetHints":{"allow":["GET"]}}],"collection":[{"href":"https:\/\/www.radiopresidenteibanez.cl\/web\/wp-json\/wp\/v2\/posts"}],"about":[{"href":"https:\/\/www.radiopresidenteibanez.cl\/web\/wp-json\/wp\/v2\/types\/post"}],"author":[{"embeddable":true,"href":"https:\/\/www.radiopresidenteibanez.cl\/web\/wp-json\/wp\/v2\/users\/2"}],"replies":[{"embeddable":true,"href":"https:\/\/www.radiopresidenteibanez.cl\/web\/wp-json\/wp\/v2\/comments?post=9070"}],"version-history":[{"count":0,"href":"https:\/\/www.radiopresidenteibanez.cl\/web\/wp-json\/wp\/v2\/posts\/9070\/revisions"}],"wp:featuredmedia":[{"embeddable":true,"href":"https:\/\/www.radiopresidenteibanez.cl\/web\/wp-json\/wp\/v2\/media\/3008"}],"wp:attachment":[{"href":"https:\/\/www.radiopresidenteibanez.cl\/web\/wp-json\/wp\/v2\/media?parent=9070"}],"wp:term":[{"taxonomy":"category","embeddable":true,"href":"https:\/\/www.radiopresidenteibanez.cl\/web\/wp-json\/wp\/v2\/categories?post=9070"},{"taxonomy":"post_tag","embeddable":true,"href":"https:\/\/www.radiopresidenteibanez.cl\/web\/wp-json\/wp\/v2\/tags?post=9070"}],"curies":[{"name":"wp","href":"https:\/\/api.w.org\/{rel}","templated":true}]}}