{"id":9067,"date":"2020-01-17T00:06:26","date_gmt":"2020-01-17T00:06:26","guid":{"rendered":"https:\/\/www.radiopresidenteibanez.cl\/web\/?p=9067"},"modified":"2020-01-17T00:06:46","modified_gmt":"2020-01-17T00:06:46","slug":"autoridad-laboral-explica-proyecto-de-reforma-a-pensiones-durante-visita-de-ministra-karla-rubilar","status":"publish","type":"post","link":"https:\/\/www.radiopresidenteibanez.cl\/web\/autoridad-laboral-explica-proyecto-de-reforma-a-pensiones-durante-visita-de-ministra-karla-rubilar\/","title":{"rendered":"AUTORIDAD LABORAL EXPLICA PROYECTO DE REFORMA A PENSIONES DURANTE VISITA DE MINISTRA KARLA RUBILAR"},"content":{"rendered":"\n<p>Aprovechando\nla visita que por primera vez realiz\u00f3 la ministra Karla Rubilar a la regi\u00f3n en\nsu calidad de vocera de Gobierno, las autoridades regionales de Magallanes\nrealizaron el anuncio local del proyecto impulsado por el Gobierno que busca\nreformar el actual sistema previsional del pa\u00eds.<\/p>\n\n\n\n<p>A trav\u00e9s de\nun punto de prensa en la llamada \u201cmoneda chica\u201d, el intendente de Magallanes,\nJos\u00e9 Fern\u00e1ndez D\u00fcbrock, la seremi de Gobierno, Alejandra Mu\u00f1oz; y la seremi del\nTrabajo y Previsi\u00f3n Social, Victoria Cort\u00e9s Schiattino, quien se refiri\u00f3 m\u00e1s\nextensamente sobre los detalles de la iniciativa, acompa\u00f1aron a la ministra\nsecretaria general de Gobierno en su primera visita como tal a la zona.<\/p>\n\n\n\n<p>Durante el\nencuentro, la secretaria de Estado inform\u00f3 los detalles de su agenda en la\nregi\u00f3n, habl\u00f3 sobre la crisis social y, en el marco de ello, se refiri\u00f3 a este\nimportante anuncio hecho por el Presidente Sebasti\u00e1n Pi\u00f1era durante la jornada\nde este mi\u00e9rcoles. <\/p>\n\n\n\n<p>\u201cNosotros\nentendemos que no es posible que la confianza se recupere r\u00e1pido, la gente\nnecesita ver hechos, necesita ver cosas concretas y ver tambi\u00e9n que las\ndecisiones no las estamos tomando desde la Moneda y por eso era tan importante\nque, despu\u00e9s de un anuncio tan relevante como el de las pensiones del\nPresidente, en cadena nacional, la ministra Vocera de Gobierno, que soy yo,\nestuviera en la regi\u00f3n de Magallanes para, desde aqu\u00ed, hablar de la importancia\nde la reforma de pensiones\u201d, coment\u00f3 enf\u00e1tica durante su intervenci\u00f3n.<\/p>\n\n\n\n<p>Respecto de\nesta medida, la primera autoridad regional declar\u00f3 que \u201cjunto con la visita de\nla ministra Rubilar, tenemos una buena notica que es lo anunciado ayer\n(mi\u00e9rcoles) por el Presidente de la Rep\u00fablica, el ingreso del proyecto de ley\npara la modificaci\u00f3n de las pensiones, que era algo que estaba siendo\ntremendamente esperado por toda la comunidad desde el estallido social, por lo\nque tenemos que pedirle a nuestros parlamentarios de la regi\u00f3n que nos apoyen\nen esto cuando voten en el parlamento\u201d. <\/p>\n\n\n\n<p>En relaci\u00f3n,\nconcretamente, con el proyecto, la seremi del Trabajo explic\u00f3 brevemente que\n\u201cestamos muy contentos de poder anunciar lo mismo que se\u00f1al\u00f3 el Presidente\nSebasti\u00e1n Pi\u00f1era el d\u00eda de ayer, relacionado con una reforma estructural al\nsistema de pensiones que, sumada a la ley corta que fue aprobada en diciembre\ndel a\u00f1o reci\u00e9n pasado, va a beneficiar a un mill\u00f3n de adultos mayores a nivel\npa\u00eds y en Magallanes a m\u00e1s de 7.700 adultos mayores, que se suman a los\nprimeros 12 mil que fueron beneficiados a trav\u00e9s del reforzamiento al pilar\nsolidario\u201d.<\/p>\n\n\n\n<p>En t\u00e9rminos\nconcretos, agreg\u00f3 Cort\u00e9s, \u201cde aprobarse este proyecto, los hombres que tengan,\nal menos, 12 a\u00f1os de cotizaciones van a ver aumentadas sus pensiones en 2 UF,\nes decir, 56.600 pesos y las mujeres que tengan, al menos, 8 a\u00f1os de cotizaciones,\nvan a ver incrementadas en 2,5 UF, es decir 70.800 pesos. Esta modificaci\u00f3n al\nsistema busca ser un aporte para las mujeres, la clase media y los adultos\nmayores que se encuentran en estado de dependencia severa\u201d.<\/p>\n\n\n\n<p>Adem\u00e1s, en\nt\u00e9rminos generales, \u201cla reforma contempla un aumento de la cotizaci\u00f3n, pasando\ndel 10% al 16% en un aumento gradual. De este 6%, un 3% se va a ir a la cuenta\nde ahorro individual de cada trabajador y otro 3% se va a una cuenta de ahorro\ncolectivo y solidario. De esta forma, nuestro Presidente ha escuchado las\ndemandas de la ciudadan\u00eda, nosotros estamos confiados que este es un excelente\nproyecto y esperamos que, tal como sucedi\u00f3 con la ley corta de pensiones, se\npuedan aunar las voluntades de todos los sectores pol\u00edticos, entendiendo que\nesta es una reforma urgente y que nuestros adultos mayores no pueden esperar\u201d,\nzanj\u00f3.<\/p>\n\n\n\n<p>En\ndefinitiva, esta reforma, sumada a la mejora al Pilar Solidario, busca\ngarantizar que ning\u00fan pensionado quede por debajo de la l\u00ednea de la pobreza y\nque las pensiones de quienes hayan cotizado por 30 a\u00f1os o m\u00e1s est\u00e9n siempre por\nencima del salario m\u00ednimo.<\/p>\n\n\n\n<p>La Reforma\nal Pilar Solidario ya implementada desde diciembre pasado, unida a esta nueva\nReforma, beneficiar\u00e1n a m\u00e1s de 2 millones de pensionados a nivel pa\u00eds y a cerca\nde 19 mil pensionados magall\u00e1nicos.<\/p>\n","protected":false},"excerpt":{"rendered":"<p>Aprovechando la visita que por primera vez realiz\u00f3 la ministra Karla Rubilar a la regi\u00f3n en su calidad de vocera de Gobierno, las autoridades regionales de Magallanes realizaron el anuncio&#8230; <a class=\"read-more\" href=\"https:\/\/www.radiopresidenteibanez.cl\/web\/autoridad-laboral-explica-proyecto-de-reforma-a-pensiones-durante-visita-de-ministra-karla-rubilar\/\">Leer m\u00e1s<\/a><\/p>\n","protected":false},"author":2,"featured_media":9068,"comment_status":"closed","ping_status":"closed","sticky":false,"template":"","format":"standard","meta":{"footnotes":""},"categories":[1],"tags":[],"class_list":["post-9067","post","type-post","status-publish","format-standard","has-post-thumbnail","hentry","category-cronica"],"_links":{"self":[{"href":"https:\/\/www.radiopresidenteibanez.cl\/web\/wp-json\/wp\/v2\/posts\/9067","targetHints":{"allow":["GET"]}}],"collection":[{"href":"https:\/\/www.radiopresidenteibanez.cl\/web\/wp-json\/wp\/v2\/posts"}],"about":[{"href":"https:\/\/www.radiopresidenteibanez.cl\/web\/wp-json\/wp\/v2\/types\/post"}],"author":[{"embeddable":true,"href":"https:\/\/www.radiopresidenteibanez.cl\/web\/wp-json\/wp\/v2\/users\/2"}],"replies":[{"embeddable":true,"href":"https:\/\/www.radiopresidenteibanez.cl\/web\/wp-json\/wp\/v2\/comments?post=9067"}],"version-history":[{"count":0,"href":"https:\/\/www.radiopresidenteibanez.cl\/web\/wp-json\/wp\/v2\/posts\/9067\/revisions"}],"wp:featuredmedia":[{"embeddable":true,"href":"https:\/\/www.radiopresidenteibanez.cl\/web\/wp-json\/wp\/v2\/media\/9068"}],"wp:attachment":[{"href":"https:\/\/www.radiopresidenteibanez.cl\/web\/wp-json\/wp\/v2\/media?parent=9067"}],"wp:term":[{"taxonomy":"category","embeddable":true,"href":"https:\/\/www.radiopresidenteibanez.cl\/web\/wp-json\/wp\/v2\/categories?post=9067"},{"taxonomy":"post_tag","embeddable":true,"href":"https:\/\/www.radiopresidenteibanez.cl\/web\/wp-json\/wp\/v2\/tags?post=9067"}],"curies":[{"name":"wp","href":"https:\/\/api.w.org\/{rel}","templated":true}]}}