{"id":9064,"date":"2020-01-17T00:03:33","date_gmt":"2020-01-17T00:03:33","guid":{"rendered":"https:\/\/www.radiopresidenteibanez.cl\/web\/?p=9064"},"modified":"2020-01-17T00:03:36","modified_gmt":"2020-01-17T00:03:36","slug":"par-explora-magallanes-campamento-cientifico-escolar-finaliza-este-viernes","status":"publish","type":"post","link":"https:\/\/www.radiopresidenteibanez.cl\/web\/par-explora-magallanes-campamento-cientifico-escolar-finaliza-este-viernes\/","title":{"rendered":"PAR EXPLORA MAGALLANES: CAMPAMENTO CIENT\u00cdFICO ESCOLAR FINALIZA ESTE VIERNES"},"content":{"rendered":"\n<p>Esta semana se\ninici\u00f3 una nueva edici\u00f3n del Campamento Cient\u00edfico Escolar, que cada a\u00f1o\norganiza el Proyecto Asociativo Regional (PAR) Explora Magallanes y la\nAnt\u00e1rtica Chilena. La actividad que cuenta con cerca de 400 inscritos, en 20 de\ntalleres de variadas tem\u00e1ticas como rob\u00f3tica, periodismo, at\u00e1rtica, entre\notros. <\/p>\n\n\n\n<p>Durante este\nmi\u00e9rcoles los ni\u00f1os, ni\u00f1as y adolescentes participantes disfrutaron de salidas\na terreno a laboratorios de IFOP, Parque del Estrecho, Parque Chabunco, Humedal\nTres Puentes, Buque Quemado, Reserva Nacional Magallanes, Museo Marggiorino\nBorgatello, Bah\u00eda Laredo e Instituto Ant\u00e1rtico Chileno.<\/p>\n\n\n\n<p>\u201cEs importante\nque los ni\u00f1os, ni\u00f1as y jovenes conozcan su entorno para poder valorizarlo y\nconservarlo. La idea de estos campamentos es que los participantes salgan y\ndisfruten de todas las riquezas con las que contamos en Magallanes, que\naprendan a explorar, sin miedo a ensuciarse o a mojarse mientras descubren\u201d,\nexplic\u00f3 Claudia Salinas Breskovic, directora del PAR Explora Magallanes. <\/p>\n\n\n\n<p>Por su parte\nHermann Reiher, coordinador del organismo agreg\u00f3 que \u201chemos tenido nuevas\ntem\u00e1ticas de taller como paleontolog\u00eda, ciencias ant\u00e1rticas, bosques\nsubmarinos, entre otros, y hemos repetido algunos que tuvieron mucho \u00e9xito el\na\u00f1o pasado como pensamiento l\u00fadico y rob\u00f3tica submarina\u201d. <\/p>\n\n\n\n<p>Para este\nviernes se espera que los ni\u00f1os, ni\u00f1as y adolescentes presenten todo lo\naprendido en sus talleres a los padres y apoderados. La muestra se realizar\u00e1 en\nel Gimasio de la Escuela Villa Las nieves, a contar de las 11:30 horas. De\nmanera paralela se estar\u00e1 exhibiendo una serie de fotografias y funcionamiento\nde la tecnolog\u00eda de robotica submarina, una de las nuevas actividades anuales\nque desarrollar\u00e1 el PAR Explora Magallanes durante el 2020. <\/p>\n","protected":false},"excerpt":{"rendered":"<p>Esta semana se inici\u00f3 una nueva edici\u00f3n del Campamento Cient\u00edfico Escolar, que cada a\u00f1o organiza el Proyecto Asociativo Regional (PAR) Explora Magallanes y la Ant\u00e1rtica Chilena. La actividad que cuenta&#8230; <a class=\"read-more\" href=\"https:\/\/www.radiopresidenteibanez.cl\/web\/par-explora-magallanes-campamento-cientifico-escolar-finaliza-este-viernes\/\">Leer m\u00e1s<\/a><\/p>\n","protected":false},"author":2,"featured_media":9065,"comment_status":"closed","ping_status":"closed","sticky":false,"template":"","format":"standard","meta":{"footnotes":""},"categories":[1],"tags":[],"class_list":["post-9064","post","type-post","status-publish","format-standard","has-post-thumbnail","hentry","category-cronica"],"_links":{"self":[{"href":"https:\/\/www.radiopresidenteibanez.cl\/web\/wp-json\/wp\/v2\/posts\/9064","targetHints":{"allow":["GET"]}}],"collection":[{"href":"https:\/\/www.radiopresidenteibanez.cl\/web\/wp-json\/wp\/v2\/posts"}],"about":[{"href":"https:\/\/www.radiopresidenteibanez.cl\/web\/wp-json\/wp\/v2\/types\/post"}],"author":[{"embeddable":true,"href":"https:\/\/www.radiopresidenteibanez.cl\/web\/wp-json\/wp\/v2\/users\/2"}],"replies":[{"embeddable":true,"href":"https:\/\/www.radiopresidenteibanez.cl\/web\/wp-json\/wp\/v2\/comments?post=9064"}],"version-history":[{"count":0,"href":"https:\/\/www.radiopresidenteibanez.cl\/web\/wp-json\/wp\/v2\/posts\/9064\/revisions"}],"wp:featuredmedia":[{"embeddable":true,"href":"https:\/\/www.radiopresidenteibanez.cl\/web\/wp-json\/wp\/v2\/media\/9065"}],"wp:attachment":[{"href":"https:\/\/www.radiopresidenteibanez.cl\/web\/wp-json\/wp\/v2\/media?parent=9064"}],"wp:term":[{"taxonomy":"category","embeddable":true,"href":"https:\/\/www.radiopresidenteibanez.cl\/web\/wp-json\/wp\/v2\/categories?post=9064"},{"taxonomy":"post_tag","embeddable":true,"href":"https:\/\/www.radiopresidenteibanez.cl\/web\/wp-json\/wp\/v2\/tags?post=9064"}],"curies":[{"name":"wp","href":"https:\/\/api.w.org\/{rel}","templated":true}]}}