{"id":9059,"date":"2020-01-16T00:19:48","date_gmt":"2020-01-16T00:19:48","guid":{"rendered":"https:\/\/www.radiopresidenteibanez.cl\/web\/?p=9059"},"modified":"2020-01-16T00:19:52","modified_gmt":"2020-01-16T00:19:52","slug":"sence-inicia-postulacion-a-primeros-siete-cursos-del-ano-en-magallanes","status":"publish","type":"post","link":"https:\/\/www.radiopresidenteibanez.cl\/web\/sence-inicia-postulacion-a-primeros-siete-cursos-del-ano-en-magallanes\/","title":{"rendered":"SENCE INICIA POSTULACI\u00d3N A PRIMEROS SIETE CURSOS DEL A\u00d1O EN MAGALLANES"},"content":{"rendered":"\n<p>Gracias al\nPrograma Becas Laborales del Servicio Nacional de Capacitaci\u00f3n y Empleo (Sence)\nMagallanes, a partir de hoy mi\u00e9rcoles se dio el vamos a las inscripciones para\nlos primeros cursos de capacitaci\u00f3n de este a\u00f1o 2020 que impartir\u00e1 el servicio\nen la regi\u00f3n.<\/p>\n\n\n\n<p>Se trata de\nsiete diferentes cursos que ofrecen un total de 82 cupos en esta primera tanda\nde capacitaciones informados por la autoridad laboral en la zona, seg\u00fan explic\u00f3\nla Seremi del Trabajo, Victoria Cort\u00e9s Schiattino, quien junto a la directora\nregional (s) de Sence Magallanes, Maribel M\u00e1rquez, visitaron el caf\u00e9 History\ndel centro de Punta Arenas para invitar a la comunidad a ser parte de estos\ncursos.<\/p>\n\n\n\n<p>En palabras\nde Cort\u00e9s, \u201choy estamos haciendo el lanzamiento de estos siete cursos que\nqueremos iniciar en febrero, cinco de ellos se impartir\u00e1n en la comuna de Punta\nArenas, uno en Porvenir y otro en Puerto Natales. Se trata de oficios bien\nllamativos, entre ellos, tenemos dos cursos que se realizan por primera vez en\nla regi\u00f3n, como son los de Cocina Vegana y Elaboraci\u00f3n de Cerveza artesanal. El\nresto de los cursos que se abren hoy son de: Guardias de Seguridad, Gesti\u00f3n de\nEmprendimiento, Cocina Nacional e Internacional y curso de Barista, raz\u00f3n por\nla que hacemos este lanzamiento aqu\u00ed en caf\u00e9 History\u201d.<\/p>\n\n\n\n<p>Los\nrequisitos para acceder a cualquiera de estos cursos es ser mayor de 18 a\u00f1os,\ncontar con el registro social de hogares dentro del 80% m\u00e1s vulnerable de la\npoblaci\u00f3n y pueden postular personas cesantes o que buscan empleo por primera\nvez o trabajadores de baja calificaci\u00f3n laboral con rentas imponibles que no\nsuperen los 900 mil pesos.<\/p>\n\n\n\n<p>\u201cEl llamado\na todos los interesados es a acercarse al Sence, en calle Magallanes N\u00b0538 o a\nla Seremi del Trabajo (Pedro Montt N\u00b0853) e inscribirse, porque estamos\nconfiados que estos son cursos innovadores y presentan un alto grado de\nempleabilidad en el mercado regional. Adem\u00e1s, los organismos capacitadores\nest\u00e1n obligados a insertar laboralmente a los alumnos y el deseo del Presidente\nSebasti\u00e1n Pi\u00f1era es ir mejorando los cursos que impartimos como Sence y\najustarlos a las necesidades regionales\u201d, agreg\u00f3 la secretaria regional.<\/p>\n\n\n\n<p>Al respecto\nel propietario de History Caf\u00e9 se\u00f1al\u00f3 la importancia de contar con personas\nespecializadas en las \u00e1reas que el rubro necesita. \u201cPara nosotros que\nhabitualmente necesitamos gente que conozca el trabajo del caf\u00e9, estos nuevos\ncursos en que van a especializar a baristas, ya significa para este rubro gente\nespecializada, que van a poder ingresar al trabajo con mayores conocimientos,\ndado que, normalmente ese trabajo tenemos que efectuarlo nosotros. Ahora, ellos\nvan a venir con una capacitaci\u00f3n apropiada para el desempe\u00f1o del trabajo que\nnosotros y los caf\u00e9s y restoranes de la ciudad requieren\u201d, coment\u00f3.<\/p>\n\n\n\n<p>Sobre los\nprocesos de capacitaci\u00f3n del a\u00f1o reci\u00e9n pasado, la directora (s) de Sence,\ninform\u00f3 que \u201cdurante el a\u00f1o 2019, en el \u00e1rea de programa sociales se\ncapacitaron sobre 2 mil personas, con una inversi\u00f3n aproximada de 800 millones\nde pesos. Como dijo la Seremi, tuvimos una experiencia muy positiva, por este\nvalor agregado en que los organismos capacitadores, una vez finalizada su\ncapacitaci\u00f3n, tienen la obligaci\u00f3n de insertar laboralmente a los alumnos que\nvan aprobando cada curso. En ese \u00e1mbito queremos continuar, fortaleciendo el\nempleo. Hay oficios que nosotros vamos levantando de acuerdo a c\u00f3mo se mueve el\nmercado laboral, por eso aparecen nuevos oficios, diferentes, como baristas, como\ncocina vegana, que son los requiere el sector productivo\u201d.<\/p>\n\n\n\n<p>Por \u00faltimo,\nuna de las trabajadoras de History, Estafan\u00eda Villegas, beneficiaria de cursos\nSence, expres\u00f3 sus ganas de poder continuar capacit\u00e1ndose y acceder al curso de\nBarista para complementar sus conocimientos en el \u00e1rea. \u201cLa verdad, tuve una s\u00faper\nbuena experiencia en el curso anterior que tuve con Sence, me encant\u00f3 y me ha\nservido mucho para mi trabajo. Ahora me interesa el curso de barista que ser\u00e1\nbueno para m\u00ed y para el trabajo que desempe\u00f1o en el caf\u00e9\u201d.<\/p>\n","protected":false},"excerpt":{"rendered":"<p>Gracias al Programa Becas Laborales del Servicio Nacional de Capacitaci\u00f3n y Empleo (Sence) Magallanes, a partir de hoy mi\u00e9rcoles se dio el vamos a las inscripciones para los primeros cursos&#8230; <a class=\"read-more\" href=\"https:\/\/www.radiopresidenteibanez.cl\/web\/sence-inicia-postulacion-a-primeros-siete-cursos-del-ano-en-magallanes\/\">Leer m\u00e1s<\/a><\/p>\n","protected":false},"author":2,"featured_media":9060,"comment_status":"closed","ping_status":"closed","sticky":false,"template":"","format":"standard","meta":{"footnotes":""},"categories":[1],"tags":[],"class_list":["post-9059","post","type-post","status-publish","format-standard","has-post-thumbnail","hentry","category-cronica"],"_links":{"self":[{"href":"https:\/\/www.radiopresidenteibanez.cl\/web\/wp-json\/wp\/v2\/posts\/9059","targetHints":{"allow":["GET"]}}],"collection":[{"href":"https:\/\/www.radiopresidenteibanez.cl\/web\/wp-json\/wp\/v2\/posts"}],"about":[{"href":"https:\/\/www.radiopresidenteibanez.cl\/web\/wp-json\/wp\/v2\/types\/post"}],"author":[{"embeddable":true,"href":"https:\/\/www.radiopresidenteibanez.cl\/web\/wp-json\/wp\/v2\/users\/2"}],"replies":[{"embeddable":true,"href":"https:\/\/www.radiopresidenteibanez.cl\/web\/wp-json\/wp\/v2\/comments?post=9059"}],"version-history":[{"count":0,"href":"https:\/\/www.radiopresidenteibanez.cl\/web\/wp-json\/wp\/v2\/posts\/9059\/revisions"}],"wp:featuredmedia":[{"embeddable":true,"href":"https:\/\/www.radiopresidenteibanez.cl\/web\/wp-json\/wp\/v2\/media\/9060"}],"wp:attachment":[{"href":"https:\/\/www.radiopresidenteibanez.cl\/web\/wp-json\/wp\/v2\/media?parent=9059"}],"wp:term":[{"taxonomy":"category","embeddable":true,"href":"https:\/\/www.radiopresidenteibanez.cl\/web\/wp-json\/wp\/v2\/categories?post=9059"},{"taxonomy":"post_tag","embeddable":true,"href":"https:\/\/www.radiopresidenteibanez.cl\/web\/wp-json\/wp\/v2\/tags?post=9059"}],"curies":[{"name":"wp","href":"https:\/\/api.w.org\/{rel}","templated":true}]}}