{"id":905,"date":"2019-01-30T19:30:48","date_gmt":"2019-01-30T19:30:48","guid":{"rendered":"http:\/\/www.radiopresidenteibanez.cl\/web\/?p=905"},"modified":"2019-01-30T19:30:52","modified_gmt":"2019-01-30T19:30:52","slug":"consejo-provincial-de-seguridad-publica-de-ultima-esperanza-realiza-primera-jornada-de-reunion-de-este-2019","status":"publish","type":"post","link":"https:\/\/www.radiopresidenteibanez.cl\/web\/consejo-provincial-de-seguridad-publica-de-ultima-esperanza-realiza-primera-jornada-de-reunion-de-este-2019\/","title":{"rendered":"CONSEJO PROVINCIAL DE SEGURIDAD PUBLICA DE \u00daLTIMA ESPERANZA REALIZA PRIMERA JORNADA DE REUNION DE ESTE 2019"},"content":{"rendered":"\n<p>En una sesi\u00f3n ordinaria, el Consejo\nde Seguridad Provincial se reuni\u00f3 en la Ilustre Municipalidad de Torres del\nPayne para debatir sobre los avances conseguidos respecto al abigeato, da\u00f1os en\nespacios p\u00fablicos y consumo de alcohol en la provincia, adem\u00e1s de las nuevas\ntem\u00e1ticas para el a\u00f1o entrante, contando con la presencia de la Gobernadora de\n\u00daltima Esperanza, Polic\u00eda de Investigaciones&nbsp;\ny los alcaldes Fernando Paredes y Roberto C\u00e1rdenas. &nbsp;<\/p>\n\n\n\n<p>En el marco del encuentro, el\nAlcalde de Natales, Fernando Paredes Mansilla, destac\u00f3 la auto exigencia\nimpuesta para la realizaci\u00f3n de estas actividades, se\u00f1alando que \u201chabiendo\ncumplido un a\u00f1o exitoso, el a\u00f1o 2018, hoy d\u00eda simplemente estamos en una franca\netapa de planificaci\u00f3n de este a\u00f1o y yo la verdad valoro profundamente tambi\u00e9n\nel grado de participaci\u00f3n de los servicios p\u00fablicos. Hoy d\u00eda, todos los\nservicios p\u00fablicos est\u00e1n comprometidos con la seguridad p\u00fablica y para m\u00ed ese\nes el mejor inicio del a\u00f1o que podemos tener\u201d agregando que \u201cen este a\u00f1o 2019\nla gran reflexi\u00f3n que tenemos que hacer es si cambiamos algunas de estas\nproblem\u00e1ticas o aumentamos m\u00e1s problem\u00e1ticas y dependiendo de ese trabajo vamos\na generar una planificaci\u00f3n para el a\u00f1o 2019\u201d.<\/p>\n\n\n\n<p>En la misma l\u00ednea, el edil de\nTorres del Payne, Roberto C\u00e1rdenas Silva se mostr\u00f3 contento por lo\nconseguido&nbsp; y a\u00f1adi\u00f3 que est\u00e1n esperando\n\u201cprecisamente las estad\u00edsticas de las polic\u00edas para poder nosotros empezar a\npriorizar cuales van a ser las problem\u00e1ticas de la Provincia de \u00daltima\nEsperanza y que vamos a atender para el pr\u00f3ximo plan de seguridad p\u00fablica\u201d.<\/p>\n\n\n\n<p>Al respecto, la Gobernadora de la\nProvincia de \u00daltima Esperanza, Ana Mayorga Bahamonde, se\u00f1al\u00f3 que \u201cvamos a\nesperar tambi\u00e9n cu\u00e1l va a ser la bajada que va a tener el Consejo Regional de\nSeguridad P\u00fablica, cu\u00e1les van a ser los temas importantes a abordar en\nprevenci\u00f3n, en difusi\u00f3n y en trabajo concreto y real de cada uno de los\nservicios. Por lo tanto, hoy d\u00eda fue m\u00e1s que nada conocer de cada uno de los\nservicios p\u00fablicos cual es la mirada que tiene de la provincia y cu\u00e1les son las\nprincipales problem\u00e1ticas que debi\u00e9semos abordar este a\u00f1o 2019\u201d. Agregando que\nen \u201cla pr\u00f3xima reuni\u00f3n del mes de febrero ya vamos a estar listos para realizar\nla planificaci\u00f3n del a\u00f1o con las tem\u00e1ticas que vamos a trabajar y abordar, en las\ncuales vamos a hacer hincapi\u00e9 en la prevenci\u00f3n, en la difusi\u00f3n y en el\nresguardo tambi\u00e9n de los derechos de los ni\u00f1os y&nbsp; las mujeres\u201d.&nbsp;\n<\/p>\n\n\n\n<p>La pr\u00f3xima reuni\u00f3n ordinaria del\nConsejo Provincial de Seguridad P\u00fablica se realizar\u00e1 el d\u00eda Jueves 24 de\nfebrero a las 11:00 horas en la Municipalidad de Natales, con los diversos\nservicios que integran la mesa publica de seguridad.<\/p>\n","protected":false},"excerpt":{"rendered":"<p>En una sesi\u00f3n ordinaria, el Consejo de Seguridad Provincial se reuni\u00f3 en la Ilustre Municipalidad de Torres del Payne para debatir sobre los avances conseguidos respecto al abigeato, da\u00f1os en&#8230; <a class=\"read-more\" href=\"https:\/\/www.radiopresidenteibanez.cl\/web\/consejo-provincial-de-seguridad-publica-de-ultima-esperanza-realiza-primera-jornada-de-reunion-de-este-2019\/\">Leer m\u00e1s<\/a><\/p>\n","protected":false},"author":2,"featured_media":906,"comment_status":"closed","ping_status":"closed","sticky":false,"template":"","format":"standard","meta":{"footnotes":""},"categories":[1],"tags":[],"class_list":["post-905","post","type-post","status-publish","format-standard","has-post-thumbnail","hentry","category-cronica"],"_links":{"self":[{"href":"https:\/\/www.radiopresidenteibanez.cl\/web\/wp-json\/wp\/v2\/posts\/905","targetHints":{"allow":["GET"]}}],"collection":[{"href":"https:\/\/www.radiopresidenteibanez.cl\/web\/wp-json\/wp\/v2\/posts"}],"about":[{"href":"https:\/\/www.radiopresidenteibanez.cl\/web\/wp-json\/wp\/v2\/types\/post"}],"author":[{"embeddable":true,"href":"https:\/\/www.radiopresidenteibanez.cl\/web\/wp-json\/wp\/v2\/users\/2"}],"replies":[{"embeddable":true,"href":"https:\/\/www.radiopresidenteibanez.cl\/web\/wp-json\/wp\/v2\/comments?post=905"}],"version-history":[{"count":0,"href":"https:\/\/www.radiopresidenteibanez.cl\/web\/wp-json\/wp\/v2\/posts\/905\/revisions"}],"wp:featuredmedia":[{"embeddable":true,"href":"https:\/\/www.radiopresidenteibanez.cl\/web\/wp-json\/wp\/v2\/media\/906"}],"wp:attachment":[{"href":"https:\/\/www.radiopresidenteibanez.cl\/web\/wp-json\/wp\/v2\/media?parent=905"}],"wp:term":[{"taxonomy":"category","embeddable":true,"href":"https:\/\/www.radiopresidenteibanez.cl\/web\/wp-json\/wp\/v2\/categories?post=905"},{"taxonomy":"post_tag","embeddable":true,"href":"https:\/\/www.radiopresidenteibanez.cl\/web\/wp-json\/wp\/v2\/tags?post=905"}],"curies":[{"name":"wp","href":"https:\/\/api.w.org\/{rel}","templated":true}]}}