{"id":9043,"date":"2020-01-16T00:00:03","date_gmt":"2020-01-16T00:00:03","guid":{"rendered":"https:\/\/www.radiopresidenteibanez.cl\/web\/?p=9043"},"modified":"2020-01-16T00:00:07","modified_gmt":"2020-01-16T00:00:07","slug":"ultimos-dias-para-postular-al-fondeporte-2020","status":"publish","type":"post","link":"https:\/\/www.radiopresidenteibanez.cl\/web\/ultimos-dias-para-postular-al-fondeporte-2020\/","title":{"rendered":"\u00daLTIMOS D\u00cdAS PARA POSTULAR AL FONDEPORTE 2020"},"content":{"rendered":"\n<p>El Fondeporte 2020 entr\u00f3 en la\nrecta final de su proceso de postulaci\u00f3n y el pr\u00f3ximo 19 de enero se dar\u00e1 fin a\nla primera fase de este concurso p\u00fablico que el Ministerio del Deporte, a\ntrav\u00e9s del Instituto Nacional de Deportes, tiene a disposici\u00f3n de las distintas\norganizaciones deportivas. <\/p>\n\n\n\n<p>La fase de postulaci\u00f3n para el\nFondo Nacional para el Fomento del Deporte comenz\u00f3 el pasado 28 de diciembre y\nlos interesados en participar del concurso a\u00fan pueden postular en cualquiera de\nsus cuatro categor\u00edas: formaci\u00f3n para el deporte, deporte recreativo, deporte\nde competici\u00f3n, y ciencias para el deporte. <\/p>\n\n\n\n<p>Las bases del concurso p\u00fablico\nFondeporte, que el 2019 en nuestra regi\u00f3n entreg\u00f3 m\u00e1s de 80 millones de pesos,\nse encuentran publicadas en el sitio web www.proyectosdeportivos.cl y su\nobjetivo principal es financiar total o parcialmente proyectos deportivos\ndestinados a la pr\u00e1ctica de actividad f\u00edsica, el deporte y la recreaci\u00f3n de la\npoblaci\u00f3n. <\/p>\n\n\n\n<p>El Fondo Nacional para el Fomento\ndel Deporte est\u00e1 destinado a organizaciones deportivas, corporaciones de alto\nrendimiento, y corporaciones municipales de deportes, permitiendo financiar,\npor ejemplo, proyectos destinados a realizar escuelas deportivas, talleres\ndeportivos recreativos, y organizaci\u00f3n de eventos deportivos. <\/p>\n\n\n\n<p>\u201cEl Fondeporte es una gran\nherramienta de financiamiento que tenemos a disposici\u00f3n para que las\norganizaciones deportivas puedan llevar a cabo sus proyectos y as\u00ed seguir\ncolaborando en que m\u00e1s chilenos y chilenas se sumen a la pr\u00e1ctica de actividad\nf\u00edsica y deporte. Invitamos a todos a visitar el sitio web <a href=\"http:\/\/www.proyectosdeportivos.cl\">www.proyectosdeportivos.cl<\/a> para\nque se informen y postulen a este fondo p\u00fablico\u201d, se\u00f1al\u00f3 la Seremi del Deporte,\nOdette Callahan. <\/p>\n\n\n\n<p>Adem\u00e1s, agreg\u00f3 que \u201cpara la\npostulaci\u00f3n, la que es completamente en l\u00ednea, las organizaciones deportivas\ndeben estar registradas en el Instituto Nacional de Deportes con un directorio\nvigente y actualizado y no tener rendiciones de cuentas pendientes\u201d. <\/p>\n\n\n\n<p>Luego de la fase de postulaci\u00f3n,\nla que termina el pr\u00f3ximo 19 de enero, los proyectos entrar\u00e1n a evaluaci\u00f3n y\ndesde el 16 al 27 de marzo se seleccionar\u00e1n y dar\u00e1n a conocer las\norganizaciones deportivas que se adjudicaron el Fondeporte 2020. <\/p>\n","protected":false},"excerpt":{"rendered":"<p>El Fondeporte 2020 entr\u00f3 en la recta final de su proceso de postulaci\u00f3n y el pr\u00f3ximo 19 de enero se dar\u00e1 fin a la primera fase de este concurso p\u00fablico&#8230; <a class=\"read-more\" href=\"https:\/\/www.radiopresidenteibanez.cl\/web\/ultimos-dias-para-postular-al-fondeporte-2020\/\">Leer m\u00e1s<\/a><\/p>\n","protected":false},"author":2,"featured_media":9044,"comment_status":"closed","ping_status":"closed","sticky":false,"template":"","format":"standard","meta":{"footnotes":""},"categories":[1],"tags":[],"class_list":["post-9043","post","type-post","status-publish","format-standard","has-post-thumbnail","hentry","category-cronica"],"_links":{"self":[{"href":"https:\/\/www.radiopresidenteibanez.cl\/web\/wp-json\/wp\/v2\/posts\/9043","targetHints":{"allow":["GET"]}}],"collection":[{"href":"https:\/\/www.radiopresidenteibanez.cl\/web\/wp-json\/wp\/v2\/posts"}],"about":[{"href":"https:\/\/www.radiopresidenteibanez.cl\/web\/wp-json\/wp\/v2\/types\/post"}],"author":[{"embeddable":true,"href":"https:\/\/www.radiopresidenteibanez.cl\/web\/wp-json\/wp\/v2\/users\/2"}],"replies":[{"embeddable":true,"href":"https:\/\/www.radiopresidenteibanez.cl\/web\/wp-json\/wp\/v2\/comments?post=9043"}],"version-history":[{"count":0,"href":"https:\/\/www.radiopresidenteibanez.cl\/web\/wp-json\/wp\/v2\/posts\/9043\/revisions"}],"wp:featuredmedia":[{"embeddable":true,"href":"https:\/\/www.radiopresidenteibanez.cl\/web\/wp-json\/wp\/v2\/media\/9044"}],"wp:attachment":[{"href":"https:\/\/www.radiopresidenteibanez.cl\/web\/wp-json\/wp\/v2\/media?parent=9043"}],"wp:term":[{"taxonomy":"category","embeddable":true,"href":"https:\/\/www.radiopresidenteibanez.cl\/web\/wp-json\/wp\/v2\/categories?post=9043"},{"taxonomy":"post_tag","embeddable":true,"href":"https:\/\/www.radiopresidenteibanez.cl\/web\/wp-json\/wp\/v2\/tags?post=9043"}],"curies":[{"name":"wp","href":"https:\/\/api.w.org\/{rel}","templated":true}]}}