{"id":9020,"date":"2020-01-15T15:34:10","date_gmt":"2020-01-15T15:34:10","guid":{"rendered":"https:\/\/www.radiopresidenteibanez.cl\/web\/?p=9020"},"modified":"2020-01-15T15:34:14","modified_gmt":"2020-01-15T15:34:14","slug":"alegaron-reclamacion-de-comunidades-kawesqar-por-piscicultura-en-natales","status":"publish","type":"post","link":"https:\/\/www.radiopresidenteibanez.cl\/web\/alegaron-reclamacion-de-comunidades-kawesqar-por-piscicultura-en-natales\/","title":{"rendered":"ALEGARON RECLAMACI\u00d3N DE COMUNIDADES KAW\u00c9SQAR POR PISCICULTURA EN NATALES"},"content":{"rendered":"\n<p>El Tribunal Ambiental de Valdivia, con jurisdicci\u00f3n desde \u00d1uble a Magallanes, escuch\u00f3 este martes los alegatos en la reclamaci\u00f3n interpuestas por tres comunidades Kaw\u00e9sqar en contra de la resoluci\u00f3n de la Comisi\u00f3n de Evaluaci\u00f3n Ambiental (COEVA) de Magallanes, que rechaz\u00f3 la solicitud de invalidaci\u00f3n de la Resoluci\u00f3n de Calificaci\u00f3n Ambiental (RCA) del proyecto \u201cCentro de Cultivo de Salm\u00f3nidos Seno Taraba, Bah\u00eda Sin Nombre, Pen\u00ednsula Benson\u201d.<br><\/p>\n\n\n\n<p>Durante el alegato, los reclamantes sostuvieron que la Declaraci\u00f3n de Impacto Ambiental (DIA) del proyecto carece de informaci\u00f3n esencial, no caracteriza correctamente la biodiversidad del \u00e1rea de influencia, no tiene en cuenta su cercan\u00eda a los l\u00edmites del Parque Nacional Kaw\u00e9sqar y no consider\u00f3 que las comunidades reclamantes hacen uso ancestral del territorio donde se emplazar\u00e1, por lo que afecta significativamente tanto los recursos naturales, los objetivos de protecci\u00f3n del parque y sus sistemas de vida y costumbres. Por esto, el proyecto debi\u00f3 ingresar a trav\u00e9s de un Estudio de Impacto Ambiental (EIA) y contar con un proceso de Consulta Ind\u00edgena.<br><\/p>\n\n\n\n<p>La COEVA, por su parte, se\u00f1al\u00f3 que la evaluaci\u00f3n del proyecto permiti\u00f3 descartar efectos significativos sobre los recursos naturales renovables y que \u00e9ste no afectar\u00e1 a la Reserva Forestal Alacalufes, ya que se emplaza en el mar y no considera actividades en tierra. Seg\u00fan el organismo p\u00fablico, el proyecto fue ingresado y aprobado antes de que la Reserva Forestal Alacalufes fuera reconocida como Reserva Nacional Kaw\u00e9sqar y la evaluaci\u00f3n descart\u00f3 presencia de poblaci\u00f3n ind\u00edgena en el \u00e1rea de influencia, por lo que no existe susceptibilidad de afectaci\u00f3n directa a comunidades ind\u00edgenas y no procede la Consulta Ind\u00edgena.<br><\/p>\n\n\n\n<p>En la audiencia tambi\u00e9n particip\u00f3 la titular del proyecto, Trusal S.A., quien junto con coincidir con los argumentos de la COEVA, sostuvo que los informes descartaron fundadamente todos los eventuales impactos significativos.<br><\/p>\n\n\n\n<p>Tras los alegatos, el Tribunal integrado por los Ministros Sr. Iv\u00e1n Hunter Ampuero, Sra. Sibel Villalobos Volpi y Sr. Jorge Retamal Valenzuela, determin\u00f3 dejar la causa en estudio.<\/p>\n","protected":false},"excerpt":{"rendered":"<p>El Tribunal Ambiental de Valdivia, con jurisdicci\u00f3n desde \u00d1uble a Magallanes, escuch\u00f3 este martes los alegatos en la reclamaci\u00f3n interpuestas por tres comunidades Kaw\u00e9sqar en contra de la resoluci\u00f3n de&#8230; <a class=\"read-more\" href=\"https:\/\/www.radiopresidenteibanez.cl\/web\/alegaron-reclamacion-de-comunidades-kawesqar-por-piscicultura-en-natales\/\">Leer m\u00e1s<\/a><\/p>\n","protected":false},"author":2,"featured_media":9021,"comment_status":"closed","ping_status":"closed","sticky":false,"template":"","format":"standard","meta":{"footnotes":""},"categories":[1],"tags":[],"class_list":["post-9020","post","type-post","status-publish","format-standard","has-post-thumbnail","hentry","category-cronica"],"_links":{"self":[{"href":"https:\/\/www.radiopresidenteibanez.cl\/web\/wp-json\/wp\/v2\/posts\/9020","targetHints":{"allow":["GET"]}}],"collection":[{"href":"https:\/\/www.radiopresidenteibanez.cl\/web\/wp-json\/wp\/v2\/posts"}],"about":[{"href":"https:\/\/www.radiopresidenteibanez.cl\/web\/wp-json\/wp\/v2\/types\/post"}],"author":[{"embeddable":true,"href":"https:\/\/www.radiopresidenteibanez.cl\/web\/wp-json\/wp\/v2\/users\/2"}],"replies":[{"embeddable":true,"href":"https:\/\/www.radiopresidenteibanez.cl\/web\/wp-json\/wp\/v2\/comments?post=9020"}],"version-history":[{"count":0,"href":"https:\/\/www.radiopresidenteibanez.cl\/web\/wp-json\/wp\/v2\/posts\/9020\/revisions"}],"wp:featuredmedia":[{"embeddable":true,"href":"https:\/\/www.radiopresidenteibanez.cl\/web\/wp-json\/wp\/v2\/media\/9021"}],"wp:attachment":[{"href":"https:\/\/www.radiopresidenteibanez.cl\/web\/wp-json\/wp\/v2\/media?parent=9020"}],"wp:term":[{"taxonomy":"category","embeddable":true,"href":"https:\/\/www.radiopresidenteibanez.cl\/web\/wp-json\/wp\/v2\/categories?post=9020"},{"taxonomy":"post_tag","embeddable":true,"href":"https:\/\/www.radiopresidenteibanez.cl\/web\/wp-json\/wp\/v2\/tags?post=9020"}],"curies":[{"name":"wp","href":"https:\/\/api.w.org\/{rel}","templated":true}]}}