{"id":902,"date":"2019-01-30T19:27:39","date_gmt":"2019-01-30T19:27:39","guid":{"rendered":"http:\/\/www.radiopresidenteibanez.cl\/web\/?p=902"},"modified":"2019-01-30T19:27:52","modified_gmt":"2019-01-30T19:27:52","slug":"10-pescadores-artesanales-de-puerto-natales-recibieron-nuevo-compresor-con-programa-cambia-el-viejo","status":"publish","type":"post","link":"https:\/\/www.radiopresidenteibanez.cl\/web\/10-pescadores-artesanales-de-puerto-natales-recibieron-nuevo-compresor-con-programa-cambia-el-viejo\/","title":{"rendered":"10 PESCADORES ARTESANALES DE PUERTO NATALES RECIBIERON NUEVO COMPRESOR CON PROGRAMA \u201cCAMBIA EL VIEJO\u201d"},"content":{"rendered":"\n<p>Fue en el terminal pesquero  que la\nGobernadora Ana Mayorga, junto al Director de SernaPesca, Patricio D\u00edaz y el\nCapit\u00e1n de Puerto de Puerto Natales, Octavio Valenzuela, realizaron la entrega\nde 10 equipos de compresi\u00f3n de aire para el buceo de los hombres de mar.<\/p>\n\n\n\n<p>Ante esto, la Gobernadora se\u00f1al\u00f3 que \u201cestos motores para el buceo vienen a\nmejorar la calidad de vida de cada uno de ellos, a mejorar la seguridad de cada\nuno de los pescadores en sus lugares de trabajo, nosotros como Gobierno del\nPdte. Sebasti\u00e1n Pi\u00f1era seguimos acompa\u00f1ando al sector pesquero, son 10 motores\nque se han entregado en la Provincia de \u00daltima Esperanza, a trav\u00e9s del Fomento\na la Pesca Artesanal de Sernapesca, por lo tanto nosotros seguiremos\nacompa\u00f1\u00e1ndolos en diferentes l\u00edneas, en diferentes proyectos para que ellos\nsigan mejorando su est\u00e1ndar en su labor, pero tambi\u00e9n mejorando la calidad de\nvida y seguridad en su labor\u201d.<\/p>\n\n\n\n<p>El Director Regional de SernaPesca, Patricio D\u00edaz, manifest\u00f3 que \u201ceste es un proyecto de alcance nacional del Fondo Fomento para la pesca artesanal que se llama \u201cCambia el Viejo\u201d y que consiste en entregar a pescadores beneficiados un compresor nuevo y cada pescador debe entregar su equipo antiguo. Es una iniciativa que apunta a cumplir con la normativa que establece la autoridad mar\u00edtima, apuntando a la seguridad y a la vida humana en el mar con compresores con estanques de acero inoxidable, por lo tanto se cautela esencialmente la seguridad y salud de los buzos\u201d.<\/p>\n\n\n\n<p>Por otra parte, el Capit\u00e1n de Puerto de Puerto\nNatales, Octavio Valenzuela, coment\u00f3 que \u201cesto beneficiar\u00e1 directamente a los\npescadores artesanales y a&nbsp; los buzos\npescadores, con equipamiento de alta gama para que mejoren su calidad de vida\nen operaciones de la pesca artesanal, principalmente el buceo. Estos equipos\npretenden mejorar el aire respirable que ocupan los buzos mariscadores en zona\nde faena pesquera y que obviamente cumple con el est\u00e1ndar de norma chilena de\nseguridad, en el \u00e1mbito laboral, sanitario. Se insta a todos los beneficiarios\ny a la pesca artesanal a que mantengan estos equipos, que los puedan cuidar,\nque mantengan los mismos est\u00e1ndares de calidad\u201d. <\/p>\n\n\n\n<p>Finalmente, uno de los beneficiados, Jos\u00e9 Nelson\nMaldonado, se mostr\u00f3 feliz al recibir su compresor e indic\u00f3 que \u201cesto mejora\ntodo en todo sentido, ahora me siento mucho m\u00e1s seguro de todas maneras, los\nantiguos que ten\u00edamos ya no daban m\u00e1s, hab\u00eda que cambiarlos pero la situaci\u00f3n\nde uno no es para hacer recambio, ahora sali\u00f3 este proyecto y tuvimos suerte\u201d.\nAl igual que su compa\u00f1ero, Miguel Angel D\u00edaz, tambi\u00e9n beneficiario de este\nprograma se\u00f1al\u00f3 que \u201cla adquisici\u00f3n de este activo productivo es bueno para la\npesca artesanal ya que est\u00e1bamos trabajando con equipos en mal estado, en\nalgunos casos los equipos ya dejaron de tener su vida \u00fatil y adem\u00e1s no pasaban\nlos est\u00e1ndares que exig\u00eda la autoridad mar\u00edtima, adem\u00e1s estaba causando un da\u00f1o\na la salud a largo plazo por la aspiraci\u00f3n del di\u00f3xido de carbono, estamos\ncontentos y ahora s\u00f3lo nos queda seguir trabajando\u201d.<\/p>\n","protected":false},"excerpt":{"rendered":"<p>Fue en el terminal pesquero que la Gobernadora Ana Mayorga, junto al Director de SernaPesca, Patricio D\u00edaz y el Capit\u00e1n de Puerto de Puerto Natales, Octavio Valenzuela, realizaron la entrega&#8230; <a class=\"read-more\" href=\"https:\/\/www.radiopresidenteibanez.cl\/web\/10-pescadores-artesanales-de-puerto-natales-recibieron-nuevo-compresor-con-programa-cambia-el-viejo\/\">Leer m\u00e1s<\/a><\/p>\n","protected":false},"author":2,"featured_media":903,"comment_status":"closed","ping_status":"closed","sticky":false,"template":"","format":"standard","meta":{"footnotes":""},"categories":[1],"tags":[],"class_list":["post-902","post","type-post","status-publish","format-standard","has-post-thumbnail","hentry","category-cronica"],"_links":{"self":[{"href":"https:\/\/www.radiopresidenteibanez.cl\/web\/wp-json\/wp\/v2\/posts\/902","targetHints":{"allow":["GET"]}}],"collection":[{"href":"https:\/\/www.radiopresidenteibanez.cl\/web\/wp-json\/wp\/v2\/posts"}],"about":[{"href":"https:\/\/www.radiopresidenteibanez.cl\/web\/wp-json\/wp\/v2\/types\/post"}],"author":[{"embeddable":true,"href":"https:\/\/www.radiopresidenteibanez.cl\/web\/wp-json\/wp\/v2\/users\/2"}],"replies":[{"embeddable":true,"href":"https:\/\/www.radiopresidenteibanez.cl\/web\/wp-json\/wp\/v2\/comments?post=902"}],"version-history":[{"count":0,"href":"https:\/\/www.radiopresidenteibanez.cl\/web\/wp-json\/wp\/v2\/posts\/902\/revisions"}],"wp:featuredmedia":[{"embeddable":true,"href":"https:\/\/www.radiopresidenteibanez.cl\/web\/wp-json\/wp\/v2\/media\/903"}],"wp:attachment":[{"href":"https:\/\/www.radiopresidenteibanez.cl\/web\/wp-json\/wp\/v2\/media?parent=902"}],"wp:term":[{"taxonomy":"category","embeddable":true,"href":"https:\/\/www.radiopresidenteibanez.cl\/web\/wp-json\/wp\/v2\/categories?post=902"},{"taxonomy":"post_tag","embeddable":true,"href":"https:\/\/www.radiopresidenteibanez.cl\/web\/wp-json\/wp\/v2\/tags?post=902"}],"curies":[{"name":"wp","href":"https:\/\/api.w.org\/{rel}","templated":true}]}}