{"id":9007,"date":"2020-01-15T02:15:15","date_gmt":"2020-01-15T02:15:15","guid":{"rendered":"https:\/\/www.radiopresidenteibanez.cl\/web\/?p=9007"},"modified":"2020-01-15T02:15:20","modified_gmt":"2020-01-15T02:15:20","slug":"concejal-aguilante-pide-aclarar-montos-reales-pagados-por-municipio-por-retiro-de-neumaticos","status":"publish","type":"post","link":"https:\/\/www.radiopresidenteibanez.cl\/web\/concejal-aguilante-pide-aclarar-montos-reales-pagados-por-municipio-por-retiro-de-neumaticos\/","title":{"rendered":"CONCEJAL AGUILANTE PIDE ACLARAR MONTOS REALES PAGADOS POR MUNICIPIO POR RETIRO DE NEUMATICOS"},"content":{"rendered":"\n<p>\u201cSi bien es cierto es\nnecesario que el municipio cuente con una pol\u00edtica estable y sustentable de\nretiro de neum\u00e1ticos. tambi\u00e9n es preciso conocer con claridad si los montos\ncancelados corresponden a los precios reales de mercado y de c\u00f3mo se gest\u00f3 y\nconcret\u00f3 este acuerdo comercial\u201d<\/p>\n\n\n\n<p>En los \u00faltimos d\u00edas el\nalcalde dio a conocer que el&nbsp; municipio\nde Punta Arenas habr\u00eda retirado de las calles m\u00e1s de 2 mil neum\u00e1ticos, lo\ncuales fueron gestionados a trav\u00e9s de la empresa de Tratamiento de L\u00edquidos y\nS\u00f3lidos Magallanes SPA, ubicada en la comuna de San Gregorio por un monto total\nde $23.000.000.-.<\/p>\n\n\n\n<p>Respecto a este hecho el\nconcejal de la comuna Jos\u00e9 Aguilante buscando fiscalizar y conocer los valores\nreales por unidad de neum\u00e1tico cancelados,&nbsp;\npor lo cual solicit\u00f3&nbsp; que se le\ninformara respecto a c\u00f3mo se explica el hecho que se haya retirado poco m\u00e1s de\n2.000 neum\u00e1ticos por un costo total de $23.000.00. <\/p>\n\n\n\n<p>\u201cClaramente al hacer el\nc\u00e1lculo matem\u00e1tico se evidencia un posible sobre pago, situaci\u00f3n que de\ncomprobarse podr\u00eda ser de enorme gravedad, ya que el costo real, de acuerdo a\nese volumen de pago ($23.000.00) dar\u00eda una cantidad de superior a $9-.000\npagada por unidad de neum\u00e1tico reciclado y retirado&nbsp; lo que estar\u00eda lejos de los montos reales de\nmercado\u201d<\/p>\n\n\n\n<p>Tambi\u00e9n el concejal pidi\u00f3\nconocer:\u00bfqu\u00e9 tipo de convenio o contrato se suscribi\u00f3 con esta empresa para\nhacer efectivo el pago y sustentar legalmente este desembolso de las arcas\nmunicipales?<\/p>\n\n\n\n<p>Del mismo modo requiri\u00f3\nque se le informe si esta iniciativa se enmarca dentro de alg\u00fan proyecto\nintegral, a largo plazo desde nuestro municipio y que considere variables medio\nambientales sustentables y de reciclaje y reaprovechamiento de estos neum\u00e1ticos<\/p>\n\n\n\n<p>Al mismo tiempo, el concejal\nvolvi\u00f3 a reiterar una solicitud que ha venido realizado en reiteradas oportunidades\ny que incluso lo llevo a solicitar una investigaci\u00f3n en la Fiscal\u00eda (sin\nrespuesta hasta la actualidad)&nbsp; referida\na un posible sobrepago realizado por ex .funcionarios municipales, quienes\ndurante el a\u00f1o 2016 realizaron un contrato con una empresa local por el retiro\nde 8.000 neum\u00e1ticos por los cuales nuestro municipio desembolso una cantidad de\n$18.000.000.<\/p>\n\n\n\n<p>Al respeto, solicito se me\ninforme si en la actualidad se conoce los resultados de esa investigaci\u00f3n desde\nla Fiscal\u00eda y de los resultados de la investigaci\u00f3n sumaria municipal de tal\nmanera de transparentar con la presentaci\u00f3n de la certificaci\u00f3n respectiva que\nacredite y justifique el pago aludido.<\/p>\n","protected":false},"excerpt":{"rendered":"<p>\u201cSi bien es cierto es necesario que el municipio cuente con una pol\u00edtica estable y sustentable de retiro de neum\u00e1ticos. tambi\u00e9n es preciso conocer con claridad si los montos cancelados&#8230; <a class=\"read-more\" href=\"https:\/\/www.radiopresidenteibanez.cl\/web\/concejal-aguilante-pide-aclarar-montos-reales-pagados-por-municipio-por-retiro-de-neumaticos\/\">Leer m\u00e1s<\/a><\/p>\n","protected":false},"author":2,"featured_media":6060,"comment_status":"closed","ping_status":"closed","sticky":false,"template":"","format":"standard","meta":{"footnotes":""},"categories":[1],"tags":[],"class_list":["post-9007","post","type-post","status-publish","format-standard","has-post-thumbnail","hentry","category-cronica"],"_links":{"self":[{"href":"https:\/\/www.radiopresidenteibanez.cl\/web\/wp-json\/wp\/v2\/posts\/9007","targetHints":{"allow":["GET"]}}],"collection":[{"href":"https:\/\/www.radiopresidenteibanez.cl\/web\/wp-json\/wp\/v2\/posts"}],"about":[{"href":"https:\/\/www.radiopresidenteibanez.cl\/web\/wp-json\/wp\/v2\/types\/post"}],"author":[{"embeddable":true,"href":"https:\/\/www.radiopresidenteibanez.cl\/web\/wp-json\/wp\/v2\/users\/2"}],"replies":[{"embeddable":true,"href":"https:\/\/www.radiopresidenteibanez.cl\/web\/wp-json\/wp\/v2\/comments?post=9007"}],"version-history":[{"count":0,"href":"https:\/\/www.radiopresidenteibanez.cl\/web\/wp-json\/wp\/v2\/posts\/9007\/revisions"}],"wp:featuredmedia":[{"embeddable":true,"href":"https:\/\/www.radiopresidenteibanez.cl\/web\/wp-json\/wp\/v2\/media\/6060"}],"wp:attachment":[{"href":"https:\/\/www.radiopresidenteibanez.cl\/web\/wp-json\/wp\/v2\/media?parent=9007"}],"wp:term":[{"taxonomy":"category","embeddable":true,"href":"https:\/\/www.radiopresidenteibanez.cl\/web\/wp-json\/wp\/v2\/categories?post=9007"},{"taxonomy":"post_tag","embeddable":true,"href":"https:\/\/www.radiopresidenteibanez.cl\/web\/wp-json\/wp\/v2\/tags?post=9007"}],"curies":[{"name":"wp","href":"https:\/\/api.w.org\/{rel}","templated":true}]}}