{"id":8988,"date":"2020-01-14T00:39:42","date_gmt":"2020-01-14T00:39:42","guid":{"rendered":"https:\/\/www.radiopresidenteibanez.cl\/web\/?p=8988"},"modified":"2020-01-14T00:39:45","modified_gmt":"2020-01-14T00:39:45","slug":"ministerio-de-las-culturas-avanza-en-catastro-georreferenciado-de-bienes-patrimoniales-alterados","status":"publish","type":"post","link":"https:\/\/www.radiopresidenteibanez.cl\/web\/ministerio-de-las-culturas-avanza-en-catastro-georreferenciado-de-bienes-patrimoniales-alterados\/","title":{"rendered":"MINISTERIO DE LAS CULTURAS AVANZA EN CATASTRO  GEORREFERENCIADO DE BIENES PATRIMONIALES ALTERADOS"},"content":{"rendered":"\n<p>El jueves 2 de\nenero de 2020, el Ministerio de las Culturas, las Artes y el Patrimonio inici\u00f3\nun catastro georreferenciado de alteraciones y da\u00f1os a bienes e inmuebles\npatrimoniales que se est\u00e1 aplicando en todas las regiones del pa\u00eds y que abarca\nno s\u00f3lo monumentos nacionales, p\u00fablicos, hist\u00f3ricos e inmuebles en zonas\nt\u00edpicas, sino tambi\u00e9n aquellos bienes protegidos por plan regulador y que son\ninmuebles y zonas de conservaci\u00f3n hist\u00f3rica, que se hayan visto afectados desde\nel 18 de octubre de 2019.<\/p>\n\n\n\n<p>A\ntrav\u00e9s de una aplicaci\u00f3n digital, profesionales levantan datos en tiempo real\nhacia una plataforma online y com\u00fan, despleg\u00e1ndose por todo el territorio de\nacuerdo al mapa de susceptibilidades elaborado por el Consejo\nde Monumentos Nacionales, el que define zonas prioritarias o identificadas con\nmayor probabilidad de encontrar alteraciones en el patrimonio.<\/p>\n\n\n\n<p>\u201cEsto\nha sido posible gracias al trabajo y buena voluntad de muchas instituciones que\nest\u00e1n detr\u00e1s de este tremendo esfuerzo por tener un recuento y un diagn\u00f3stico\nexhaustivo para llegar a una apreciaci\u00f3n de los costos y de los tiempos que va\na significar la recuperaci\u00f3n del patrimonio cultural da\u00f1ado, proceso que en muchos casos implicar\u00e1 tambi\u00e9n\ninstancias de an\u00e1lisis y di\u00e1logo entre diversos actores, no s\u00f3lo por la\ndimensi\u00f3n financiera sino tambi\u00e9n simb\u00f3lica. Es muy esperanzador y estamos poniendo\nla tecnolog\u00eda al servicio del resguardo y de la restauraci\u00f3n del patrimonio\u201d,\ndice la ministra de las Culturas, Consuelo Vald\u00e9s.<\/p>\n\n\n\n<p>La secretaria de\nEstado destaca adem\u00e1s que hasta ahora se ha catastrado m\u00e1s del 50% de las zonas\nprioritarias y se estima que durante enero debiera culminar el proceso. \u201cEs muy\nimportante tener concentrado en una misma plataforma la ubicaci\u00f3n geogr\u00e1fica,\nel diagn\u00f3stico del da\u00f1o, los tratamientos a aplicar, los costos y los tiempos.\nEl\nPresidente nos ha pedido justamente que tengamos levantada esta informaci\u00f3n\ncuanto antes y por eso es que requerimos el apoyo y esfuerzo de muchas\ninstituciones a nivel nacional y regional. As\u00ed podremos tener una radiograf\u00eda\nde cu\u00e1l es la magnitud de los da\u00f1os, d\u00f3nde est\u00e1n y qu\u00e9 significan en t\u00e9rminos\nde tiempo y recursos para volver a ponerlos en valor\u201d, recalc\u00f3.<\/p>\n\n\n\n<p>La\niniciativa se enmarca en una mesa de trabajo intersectorial para la\nrecuperaci\u00f3n patrimonial, convocada por el Ministerio de las Culturas a trav\u00e9s\nde la Subsecretar\u00eda del Patrimonio Cultural y que re\u00fane a los ministerios de\nVivienda y Obras P\u00fablicas, la Subsecretar\u00eda de Desarrollo Regional, la\nAsociaci\u00f3n Chilena de Municipalidades, adem\u00e1s de la Secretar\u00eda T\u00e9cnica del\nConsejo de Monumentos Nacionales (CMN) y el Centro Nacional de Conservaci\u00f3n y\nRestauraci\u00f3n (CNCR). A ellos se suma la coordinaci\u00f3n de diversos apoyos que\nincluyen obras preventivas en monumentos para reforzar la seguridad, la entrega\nde lineamientos t\u00e9cnicos para primeras limpiezas e intervenciones y directrices\npara el retiro y resguardo de monumentos p\u00fablicos que presenten riesgo de\nca\u00edda.<\/p>\n\n\n\n<p>Utilizando\ntablets o tel\u00e9fonos celulares, los profesionales que se desplazan por el\nterritorio acceden a una plataforma online interoperable y com\u00fan,\ndonde cada bien patrimonial es ingresado con una ficha que incluye informaci\u00f3n\nespec\u00edfica, como la identificaci\u00f3n del bien o inmueble (localizaci\u00f3n exacta,\ncategor\u00eda de protecci\u00f3n, uso, posible existencia de seguros comprometidos),\ndescripci\u00f3n y cuantificaci\u00f3n de alteraciones (incluyendo&nbsp; el tipo y porcentaje de da\u00f1o, la materialidad\nde las piezas y otros indicadores) y registros fotogr\u00e1ficos que, al mismo\ntiempo, servir\u00e1n como registro hist\u00f3rico. <\/p>\n\n\n\n<p><strong>Primeros\nresultados<\/strong><\/p>\n\n\n\n<p>Entre\nel 2 y el 7 de enero se catastraron 669 monumentos nacionales, de los que 421\npresentaron alteraciones. De este total, 160 son Monumentos Hist\u00f3ricos (MH), la\nmayor\u00eda de los cuales (148) muestran da\u00f1os menores como rayados o vidrios rotos\ny el resto registra da\u00f1os m\u00e1s graves por amagos de incendio o incendios\ndeclarados. La Regi\u00f3n Metropolitana concentra la mayor cantidad de MH con\nrayados. <\/p>\n\n\n\n<p>Respecto\nde los Monumentos P\u00fablicos (MP), 261 presentan alg\u00fan tipo de alteraci\u00f3n y la\nmayor\u00eda presenta varios tipos juntos. Los da\u00f1os se concentran en la Regi\u00f3n\nMetropolitana, seguida por las regiones de Tarapac\u00e1, Valpara\u00edso, Los Lagos y\nMagallanes. De esos, 207 presentan rayados con aerosol, 120 rayados con\nesmalte, 77 tienen elementos adheridos y 33 rayados abrasivo. Asimismo, se\nregistraron 27 monumentos p\u00fablicos con da\u00f1os de nivel medio a grave, como\ndeformaciones, grietas y fisuras. Finalmente, 24 tienen da\u00f1os graves del tipo\np\u00e9rdida total debido a colapsos, retiros o reemplazos de monumentos p\u00fablicos\ny\/o quema.<\/p>\n\n\n\n<p>Actualmente\nest\u00e1n en proceso de catastro los inmuebles en Zonas T\u00edpicas, los Monumentos\nP\u00fablicos faltantes y los Inmuebles y Zonas de Conservaci\u00f3n Hist\u00f3rica.<\/p>\n","protected":false},"excerpt":{"rendered":"<p>El jueves 2 de enero de 2020, el Ministerio de las Culturas, las Artes y el Patrimonio inici\u00f3 un catastro georreferenciado de alteraciones y da\u00f1os a bienes e inmuebles patrimoniales&#8230; <a class=\"read-more\" href=\"https:\/\/www.radiopresidenteibanez.cl\/web\/ministerio-de-las-culturas-avanza-en-catastro-georreferenciado-de-bienes-patrimoniales-alterados\/\">Leer m\u00e1s<\/a><\/p>\n","protected":false},"author":2,"featured_media":8989,"comment_status":"closed","ping_status":"closed","sticky":false,"template":"","format":"standard","meta":{"footnotes":""},"categories":[1],"tags":[],"class_list":["post-8988","post","type-post","status-publish","format-standard","has-post-thumbnail","hentry","category-cronica"],"_links":{"self":[{"href":"https:\/\/www.radiopresidenteibanez.cl\/web\/wp-json\/wp\/v2\/posts\/8988","targetHints":{"allow":["GET"]}}],"collection":[{"href":"https:\/\/www.radiopresidenteibanez.cl\/web\/wp-json\/wp\/v2\/posts"}],"about":[{"href":"https:\/\/www.radiopresidenteibanez.cl\/web\/wp-json\/wp\/v2\/types\/post"}],"author":[{"embeddable":true,"href":"https:\/\/www.radiopresidenteibanez.cl\/web\/wp-json\/wp\/v2\/users\/2"}],"replies":[{"embeddable":true,"href":"https:\/\/www.radiopresidenteibanez.cl\/web\/wp-json\/wp\/v2\/comments?post=8988"}],"version-history":[{"count":0,"href":"https:\/\/www.radiopresidenteibanez.cl\/web\/wp-json\/wp\/v2\/posts\/8988\/revisions"}],"wp:featuredmedia":[{"embeddable":true,"href":"https:\/\/www.radiopresidenteibanez.cl\/web\/wp-json\/wp\/v2\/media\/8989"}],"wp:attachment":[{"href":"https:\/\/www.radiopresidenteibanez.cl\/web\/wp-json\/wp\/v2\/media?parent=8988"}],"wp:term":[{"taxonomy":"category","embeddable":true,"href":"https:\/\/www.radiopresidenteibanez.cl\/web\/wp-json\/wp\/v2\/categories?post=8988"},{"taxonomy":"post_tag","embeddable":true,"href":"https:\/\/www.radiopresidenteibanez.cl\/web\/wp-json\/wp\/v2\/tags?post=8988"}],"curies":[{"name":"wp","href":"https:\/\/api.w.org\/{rel}","templated":true}]}}