{"id":8985,"date":"2020-01-14T00:37:12","date_gmt":"2020-01-14T00:37:12","guid":{"rendered":"https:\/\/www.radiopresidenteibanez.cl\/web\/?p=8985"},"modified":"2020-01-14T00:37:16","modified_gmt":"2020-01-14T00:37:16","slug":"comenzaron-las-colonias-de-verano-2020-en-puerto-natales","status":"publish","type":"post","link":"https:\/\/www.radiopresidenteibanez.cl\/web\/comenzaron-las-colonias-de-verano-2020-en-puerto-natales\/","title":{"rendered":"COMENZARON LAS COLONIAS DE VERANO 2020 EN PUERTO NATALES"},"content":{"rendered":"\n<p>En el gimnasio de la Escuela\nMunicipal \u201cCoronel Santiago Bueras\u201d, se llev\u00f3 a cabo la inauguraci\u00f3n oficial de\nlas de Colonias de verano 2020, que se enmarcan en el programa \u201cCentro para\nni\u00f1os y ni\u00f1as con cuidadores principalmente temporeros o temporeras 2020\u201d encabezado\npor el Ministerio de Desarrollo Social, JUNAEB, Instituto Nacional de Deportes\ny la Ilustre Municipalidad de Natales.<\/p>\n\n\n\n<p>El programa consiste en realizar actividades\ndeportivas, bailes, talleres de manualidades y finalizar con una salida a\nterreno con todos los ni\u00f1os participantes. Las actividades van en respuesta a\nlas dificultades que tienen los padres natalinos al momento de dejar a sus\nhijos solos en la casa en temporada de vacaciones. <\/p>\n\n\n\n<p>Liz Casanueva, Seremi de\nDesarrollo Social de la Regi\u00f3n de Magallanes, destac\u00f3 que hoy se est\u00e1 dando\ninicio al centro vacacional para todos los ni\u00f1os que no tienen una persona\nsignificativa que los pueda cuidar. Por ello, la Seremi se\u00f1al\u00f3 la importancia\nque tiene este programa para cada uno de los padres. \u201cEste centro vacacional entrega\nun espacio seguro, que adem\u00e1s a trav\u00e9s de Junaeb se le entrega alimentaci\u00f3n y\npor supuesto, a trav\u00e9s del Instituto Nacional de Deportes entrega acciones\nrecreativas que los van a mantener ocupados y resguardados dentro de un recinto\ndeportivo\u201d.<\/p>\n\n\n\n<p>El Alcalde de Natales, Fernando\nParedes Mansilla, se mostr\u00f3 contento y valor\u00f3 el trabajo en conjunto que\nrealizan con entidades de gobierno. Pero se\u00f1al\u00f3 que lo m\u00e1s importante de todo\nesto es el punto de vista social, \u201ctodas las mam\u00e1s, los pap\u00e1s de estos ni\u00f1os\ntrabajan y tienen otras actividades, entonces tener que dejar sus ni\u00f1os en las\ncasas se les genera un problema y aqu\u00ed est\u00e1 el gobierno, el Estado que de\nalguna manera con este trabajo social a nuestros ni\u00f1os les genera la\nalimentaci\u00f3n, se les da actividades recreativas y finalmente los mantenemos en\nactividades durante todo el d\u00eda, y eso para las mam\u00e1s&nbsp; es un tremendo apoyo\u201d.<\/p>\n\n\n\n<p>En tanto, el director regional\n(S) del Instituto Nacional de Deportes, sostuvo que esta iniciativa tiene\nprioridad en el IND. \u201cEstamos todos comprometidos con la infancia, por el\ndesarrollo de h\u00e1bitos saludables y por acompa\u00f1ar el desarrollo infantil. Nosotros\ntrabajamos aportando implementaci\u00f3n deportiva y recursos para los profesores\u201d,\nsostuvo Klauss Marowski.<\/p>\n\n\n\n<p>La actividad cont\u00f3 con la\npresencia de los concejales, Ver\u00f3nica P\u00e9rez, Francisca Molinet, Jos\u00e9 Cuyul y\nAlfredo Alderete, quienes se mostraron felices por la entrega de nuevas\nherramientas para los padres natalinos.<\/p>\n","protected":false},"excerpt":{"rendered":"<p>En el gimnasio de la Escuela Municipal \u201cCoronel Santiago Bueras\u201d, se llev\u00f3 a cabo la inauguraci\u00f3n oficial de las de Colonias de verano 2020, que se enmarcan en el programa&#8230; <a class=\"read-more\" href=\"https:\/\/www.radiopresidenteibanez.cl\/web\/comenzaron-las-colonias-de-verano-2020-en-puerto-natales\/\">Leer m\u00e1s<\/a><\/p>\n","protected":false},"author":2,"featured_media":8986,"comment_status":"closed","ping_status":"closed","sticky":false,"template":"","format":"standard","meta":{"footnotes":""},"categories":[1],"tags":[],"class_list":["post-8985","post","type-post","status-publish","format-standard","has-post-thumbnail","hentry","category-cronica"],"_links":{"self":[{"href":"https:\/\/www.radiopresidenteibanez.cl\/web\/wp-json\/wp\/v2\/posts\/8985","targetHints":{"allow":["GET"]}}],"collection":[{"href":"https:\/\/www.radiopresidenteibanez.cl\/web\/wp-json\/wp\/v2\/posts"}],"about":[{"href":"https:\/\/www.radiopresidenteibanez.cl\/web\/wp-json\/wp\/v2\/types\/post"}],"author":[{"embeddable":true,"href":"https:\/\/www.radiopresidenteibanez.cl\/web\/wp-json\/wp\/v2\/users\/2"}],"replies":[{"embeddable":true,"href":"https:\/\/www.radiopresidenteibanez.cl\/web\/wp-json\/wp\/v2\/comments?post=8985"}],"version-history":[{"count":0,"href":"https:\/\/www.radiopresidenteibanez.cl\/web\/wp-json\/wp\/v2\/posts\/8985\/revisions"}],"wp:featuredmedia":[{"embeddable":true,"href":"https:\/\/www.radiopresidenteibanez.cl\/web\/wp-json\/wp\/v2\/media\/8986"}],"wp:attachment":[{"href":"https:\/\/www.radiopresidenteibanez.cl\/web\/wp-json\/wp\/v2\/media?parent=8985"}],"wp:term":[{"taxonomy":"category","embeddable":true,"href":"https:\/\/www.radiopresidenteibanez.cl\/web\/wp-json\/wp\/v2\/categories?post=8985"},{"taxonomy":"post_tag","embeddable":true,"href":"https:\/\/www.radiopresidenteibanez.cl\/web\/wp-json\/wp\/v2\/tags?post=8985"}],"curies":[{"name":"wp","href":"https:\/\/api.w.org\/{rel}","templated":true}]}}