{"id":8952,"date":"2020-01-12T19:52:19","date_gmt":"2020-01-12T19:52:19","guid":{"rendered":"https:\/\/www.radiopresidenteibanez.cl\/web\/?p=8952"},"modified":"2020-01-13T00:13:37","modified_gmt":"2020-01-13T00:13:37","slug":"incendio-en-el-barrio-18-de-septiembre-dejo-a-una-mujer-fallecida","status":"publish","type":"post","link":"https:\/\/www.radiopresidenteibanez.cl\/web\/incendio-en-el-barrio-18-de-septiembre-dejo-a-una-mujer-fallecida\/","title":{"rendered":"INCENDIO EN EL BARRIO 18 DE SEPTIEMBRE DEJ\u00d3 A UNA MUJER FALLECIDA"},"content":{"rendered":"\n<p>Dram\u00e1ticos momentos se vivieron pasadas las 10:50 horas en el barrio 18 de Septiembre, esto luego de que una vivienda ubicada en calle Cancha Rayada 0609 sufri\u00f3 da\u00f1os totales, en la oportunidad en su interior se encontraba una mujer junto a sus dos hijos.<\/p>\n\n\n\n<p>Como Deyanira Melipillan Mu\u00f1oz de 39 a\u00f1os fue identificada la victima fatal del incendio, los gemelos que tambi\u00e9n se encontraban en el hogar pudieron salir ilesos y una persona mayor fue derivada al Hospital Cl\u00ednico de Magallanes producto a la inhalaci\u00f3n de humo. <\/p>\n\n\n\n<p>La\nFiscal\u00eda local solicit\u00f3 la presencia de Labocar de Carabineros, para realizar\nlas pericias pertinentes del hecho, as\u00ed poder verificar si hubo presencia de\nalg\u00fan tipo de acelerante o fallas el\u00e9ctricas en el lamentable incendio que dejo\nuna persona fallecida.<\/p>\n","protected":false},"excerpt":{"rendered":"<p>Dram\u00e1ticos momentos se vivieron pasadas las 10:50 horas en el barrio 18 de Septiembre, esto luego de que una vivienda ubicada en calle Cancha Rayada 0609 sufri\u00f3 da\u00f1os totales, en&#8230; <a class=\"read-more\" href=\"https:\/\/www.radiopresidenteibanez.cl\/web\/incendio-en-el-barrio-18-de-septiembre-dejo-a-una-mujer-fallecida\/\">Leer m\u00e1s<\/a><\/p>\n","protected":false},"author":2,"featured_media":57,"comment_status":"closed","ping_status":"closed","sticky":false,"template":"","format":"standard","meta":{"footnotes":""},"categories":[1],"tags":[],"class_list":["post-8952","post","type-post","status-publish","format-standard","has-post-thumbnail","hentry","category-cronica"],"_links":{"self":[{"href":"https:\/\/www.radiopresidenteibanez.cl\/web\/wp-json\/wp\/v2\/posts\/8952","targetHints":{"allow":["GET"]}}],"collection":[{"href":"https:\/\/www.radiopresidenteibanez.cl\/web\/wp-json\/wp\/v2\/posts"}],"about":[{"href":"https:\/\/www.radiopresidenteibanez.cl\/web\/wp-json\/wp\/v2\/types\/post"}],"author":[{"embeddable":true,"href":"https:\/\/www.radiopresidenteibanez.cl\/web\/wp-json\/wp\/v2\/users\/2"}],"replies":[{"embeddable":true,"href":"https:\/\/www.radiopresidenteibanez.cl\/web\/wp-json\/wp\/v2\/comments?post=8952"}],"version-history":[{"count":0,"href":"https:\/\/www.radiopresidenteibanez.cl\/web\/wp-json\/wp\/v2\/posts\/8952\/revisions"}],"wp:featuredmedia":[{"embeddable":true,"href":"https:\/\/www.radiopresidenteibanez.cl\/web\/wp-json\/wp\/v2\/media\/57"}],"wp:attachment":[{"href":"https:\/\/www.radiopresidenteibanez.cl\/web\/wp-json\/wp\/v2\/media?parent=8952"}],"wp:term":[{"taxonomy":"category","embeddable":true,"href":"https:\/\/www.radiopresidenteibanez.cl\/web\/wp-json\/wp\/v2\/categories?post=8952"},{"taxonomy":"post_tag","embeddable":true,"href":"https:\/\/www.radiopresidenteibanez.cl\/web\/wp-json\/wp\/v2\/tags?post=8952"}],"curies":[{"name":"wp","href":"https:\/\/api.w.org\/{rel}","templated":true}]}}