{"id":8947,"date":"2020-01-12T19:30:19","date_gmt":"2020-01-12T19:30:19","guid":{"rendered":"https:\/\/www.radiopresidenteibanez.cl\/web\/?p=8947"},"modified":"2020-01-12T19:30:23","modified_gmt":"2020-01-12T19:30:23","slug":"diputada-amar-presenta-la-mayor-cantidad-de-proyectos-de-ley-durante-el-ano-2019-en-relacion-a-sus-pares-de-la-region","status":"publish","type":"post","link":"https:\/\/www.radiopresidenteibanez.cl\/web\/diputada-amar-presenta-la-mayor-cantidad-de-proyectos-de-ley-durante-el-ano-2019-en-relacion-a-sus-pares-de-la-region\/","title":{"rendered":"DIPUTADA AMAR PRESENTA LA MAYOR CANTIDAD DE PROYECTOS DE LEY DURANTE EL A\u00d1O 2019 EN RELACI\u00d3N A SUS PARES DE LA REGI\u00d3N"},"content":{"rendered":"\n<p>La diputada\nSandra Amar aparece como la legisladora por la regi\u00f3n de Magallanes con la\nmayor cantidad de proyectos de ley presentados en el periodo legislativo del\na\u00f1o 2019, dando cuenta de su compromiso y trabajo destinado a los vecinos y\nvecinas.<\/p>\n\n\n\n<p>Esto, de\nacuerdo a cifras oficiales de la C\u00e1mara de Diputados, donde adem\u00e1s figura con 34\nproyectos de resoluci\u00f3n y un 96,97% de asistencia.<\/p>\n\n\n\n<p>Un total de\n40 mociones ha elaborado Amar desde el 1 de enero de del a\u00f1o reci\u00e9n pasado\nhasta la fecha, cifra que lo ubica por sobre sus compa\u00f1eros de distrito.&nbsp;<\/p>\n\n\n\n<p>\u201cDesde que\nfui diputada electa, asum\u00ed el compromiso de representar de la mejor forma\nposible a las personas de nuestra regi\u00f3n. Es por ello que he focalizado mi\nlabor parlamentaria a la elaboraci\u00f3n de propuestas que van en directo beneficio\nde las familias de nuestra zona\u201d, dijo la legisladora.<\/p>\n\n\n\n<p>Seguridad,\nSalud, Educaci\u00f3n, Derechos de los Consumidores, Adulto Mayores, discapacidad\nson los principales temas que se pueden encontrar en los proyectos de ley\nelaborados por Sandra Amar, quien cuenta con m\u00e1s de 75 mociones presentadas\ndesde que inici\u00f3 el periodo legislativo en marzo de 2018.<\/p>\n\n\n\n<p>&nbsp;\u201cEl\nestallido social que se experiment\u00f3 en nuestro pa\u00eds nos compromete a\u00fan m\u00e1s a\nseguir trabajando por lograr una vida digna para todos los chilenos, para\nterminar con los abusos, mejorar las pensiones, fortalecer la salud y\neducaci\u00f3n, y mejorar la calidad de vida de todas las familias. En esos puntos\ncentrar\u00e9 mi labor para este a\u00f1o 2020\u201d, finaliz\u00f3 la diputada Sandra Amar.<\/p>\n","protected":false},"excerpt":{"rendered":"<p>La diputada Sandra Amar aparece como la legisladora por la regi\u00f3n de Magallanes con la mayor cantidad de proyectos de ley presentados en el periodo legislativo del a\u00f1o 2019, dando&#8230; <a class=\"read-more\" href=\"https:\/\/www.radiopresidenteibanez.cl\/web\/diputada-amar-presenta-la-mayor-cantidad-de-proyectos-de-ley-durante-el-ano-2019-en-relacion-a-sus-pares-de-la-region\/\">Leer m\u00e1s<\/a><\/p>\n","protected":false},"author":2,"featured_media":8859,"comment_status":"closed","ping_status":"closed","sticky":false,"template":"","format":"standard","meta":{"footnotes":""},"categories":[1],"tags":[],"class_list":["post-8947","post","type-post","status-publish","format-standard","has-post-thumbnail","hentry","category-cronica"],"_links":{"self":[{"href":"https:\/\/www.radiopresidenteibanez.cl\/web\/wp-json\/wp\/v2\/posts\/8947","targetHints":{"allow":["GET"]}}],"collection":[{"href":"https:\/\/www.radiopresidenteibanez.cl\/web\/wp-json\/wp\/v2\/posts"}],"about":[{"href":"https:\/\/www.radiopresidenteibanez.cl\/web\/wp-json\/wp\/v2\/types\/post"}],"author":[{"embeddable":true,"href":"https:\/\/www.radiopresidenteibanez.cl\/web\/wp-json\/wp\/v2\/users\/2"}],"replies":[{"embeddable":true,"href":"https:\/\/www.radiopresidenteibanez.cl\/web\/wp-json\/wp\/v2\/comments?post=8947"}],"version-history":[{"count":0,"href":"https:\/\/www.radiopresidenteibanez.cl\/web\/wp-json\/wp\/v2\/posts\/8947\/revisions"}],"wp:featuredmedia":[{"embeddable":true,"href":"https:\/\/www.radiopresidenteibanez.cl\/web\/wp-json\/wp\/v2\/media\/8859"}],"wp:attachment":[{"href":"https:\/\/www.radiopresidenteibanez.cl\/web\/wp-json\/wp\/v2\/media?parent=8947"}],"wp:term":[{"taxonomy":"category","embeddable":true,"href":"https:\/\/www.radiopresidenteibanez.cl\/web\/wp-json\/wp\/v2\/categories?post=8947"},{"taxonomy":"post_tag","embeddable":true,"href":"https:\/\/www.radiopresidenteibanez.cl\/web\/wp-json\/wp\/v2\/tags?post=8947"}],"curies":[{"name":"wp","href":"https:\/\/api.w.org\/{rel}","templated":true}]}}