{"id":8939,"date":"2020-01-12T19:20:31","date_gmt":"2020-01-12T19:20:31","guid":{"rendered":"https:\/\/www.radiopresidenteibanez.cl\/web\/?p=8939"},"modified":"2020-01-12T19:20:34","modified_gmt":"2020-01-12T19:20:34","slug":"10-de-enero-thiago-y-alison-son-los-primeros-bebes-natalinos-nacidos-en-el-ano-2020","status":"publish","type":"post","link":"https:\/\/www.radiopresidenteibanez.cl\/web\/10-de-enero-thiago-y-alison-son-los-primeros-bebes-natalinos-nacidos-en-el-ano-2020\/","title":{"rendered":"10 DE ENERO: THIAGO Y ALISON SON LOS PRIMEROS BEBES NATALINOS NACIDOS EN EL A\u00d1O 2020"},"content":{"rendered":"\n<p>Un\nni\u00f1o y una ni\u00f1a fueron los primeros bebes natalinos nacidos este a\u00f1o. El 10 de\nenero pasado el equipo de matroner\u00eda y ginecolog\u00eda recibi\u00f3 a Tiago y Alison,\nqui\u00e9nes nacieron durante la tarde del viernes 10 de enero pasado, a las 16:38 y\na las 19:21 respectivamente.&nbsp; Thiago Mosquera Mosquera pes\u00f3 2334 kg,\nmientras que Alison Ayala Fuenzalida pes\u00f3 3830 kg.&nbsp;<\/p>\n\n\n\n<p>Al\nrespecto, Thamara Venegas, m\u00e9dico Jefe de turno del Hospital Dr. Augusto\nEssmann, se\u00f1al\u00f3 que \u201chemos recibido por parto normal a nuestros dos primeros\nnatalinos, el primero un ni\u00f1ito que est\u00e1 en bien, al igual que su mamita. Se\nvan a ir de alta de forma normal seg\u00fan los d\u00edas que requieren de\nhospitalizaci\u00f3n y nuestra segunda integrante es una ni\u00f1ita que tambi\u00e9n naci\u00f3 en\nbuenas condiciones generales, la mam\u00e1 tambi\u00e9n se recupera bien y se van a ir de\nalta en conjunto hoy para iniciar su vida familiar\u201d.<\/p>\n\n\n\n<p>Por\nsu parte Yurany Mosquera, madre de Thiago, se mostr\u00f3 sorprendida al ser la\nmadre del primer beb\u00e9 nacido este a\u00f1o. \u201cLa verdad es que no ten\u00eda idea que iba\na ser el primer natalino en nacer este a\u00f1o, pero cuando llegu\u00e9 y vi que\nest\u00e1bamos en competencia con mi compa\u00f1era de al lado, pero se nos adelant\u00f3 este\npr\u00edncipe. \u00c9l est\u00e1 muy bien gracias a Dios, todo sali\u00f3 excelente en el parto, \u00e9l\nest\u00e1 bien de salud\u201d.<\/p>\n\n\n\n<p>Orieta\nFuenzalida, madre de Alison, tambi\u00e9n se mostr\u00f3 sorprendida por ser la madre del\nsegundo beb\u00e9 nacido este a\u00f1o. \u201cEs extra\u00f1o porque tampoco estamos tan temprano\nen enero, se demor\u00f3 un poco y claro, era una competencia re\u00f1ida con la vecina.\nEst\u00e1bamos ah\u00ed, iba ganando una, iba ganando la otra y todas hac\u00edan sus\napuestas. Al final, tenemos al primer natalino de la vecina y la primera\nnatalina la m\u00eda, Alison. Ella est\u00e1 bien, es bien llorona\u201d, agreg\u00f3.<\/p>\n\n\n\n<p>La\ndoctora Thamara Venegas aprovech\u00f3 la oportunidad para felicitar a los padres y\nal equipo que recibi\u00f3 a los bebes. \u201cQuiero felicitar a nuestro equipo de\nMatroner\u00eda y Ginecolog\u00eda quienes recibieron a los primeros natalinos del a\u00f1o\n2020 y porque se inicia nuestra recepci\u00f3n de bebes en nuestro hospital y\nobviamente dar las felicitaciones a sus pap\u00e1s\u201d.<\/p>\n\n\n\n<p>El\nequipo que atendi\u00f3 el parto estuvo compuesto por la matrona de hospitalizaci\u00f3n\n\u00c1ngela Painenao V\u00e1squez, Nicole Salazar Betancur en la Urgencia y atenci\u00f3n\ninmediata, Yocelyn D\u00edaz Diaz y Katherine Bahamonde Zu\u00f1iga como TENS de turno,\nadem\u00e1s del equipo de Reci\u00e9n Nacido compuesto por la matrona Carolina Queupumil,\nla TENS Tamara Garrido, la Ginec\u00f3loga doctora Carla Mascagnini, junto a la\nanestesi\u00f3loga doctora Francisca Navarro.<\/p>\n\n\n\n<p><strong>Leve\nalza en nacimientos el 2019<\/strong><\/p>\n\n\n\n<p>Durante el a\u00f1o 2019 se registr\u00f3 una leve alza en los nacimientos ocurridos en el Hospital Dr.Augusto Essmann Burgos. El a\u00f1o reci\u00e9n pasado se registraron 157 nacimientos, 3 m\u00e1s de los 154 registrados el a\u00f1o 2018. En el mismo per\u00edodo, aumentaron los partos naturales de 91 a 106, disminuyendo las ces\u00e1reas de 63 a 51.<\/p>\n\n\n\n<figure class=\"wp-block-gallery columns-1 is-cropped wp-block-gallery-1 is-layout-flex wp-block-gallery-is-layout-flex\"><ul class=\"blocks-gallery-grid\"><li class=\"blocks-gallery-item\"><figure><img loading=\"lazy\" decoding=\"async\" width=\"1024\" height=\"768\" src=\"https:\/\/www.radiopresidenteibanez.cl\/web\/wp-content\/uploads\/2020\/01\/WhatsApp-Image-2020-01-12-at-11.51.03-AM-1024x768.jpeg\" alt=\"\" data-id=\"8941\" data-full-url=\"https:\/\/www.radiopresidenteibanez.cl\/web\/wp-content\/uploads\/2020\/01\/WhatsApp-Image-2020-01-12-at-11.51.03-AM.jpeg\" data-link=\"https:\/\/www.radiopresidenteibanez.cl\/web\/?attachment_id=8941\" class=\"wp-image-8941\" srcset=\"https:\/\/www.radiopresidenteibanez.cl\/web\/wp-content\/uploads\/2020\/01\/WhatsApp-Image-2020-01-12-at-11.51.03-AM-1024x768.jpeg 1024w, https:\/\/www.radiopresidenteibanez.cl\/web\/wp-content\/uploads\/2020\/01\/WhatsApp-Image-2020-01-12-at-11.51.03-AM-300x225.jpeg 300w, https:\/\/www.radiopresidenteibanez.cl\/web\/wp-content\/uploads\/2020\/01\/WhatsApp-Image-2020-01-12-at-11.51.03-AM-768x576.jpeg 768w, https:\/\/www.radiopresidenteibanez.cl\/web\/wp-content\/uploads\/2020\/01\/WhatsApp-Image-2020-01-12-at-11.51.03-AM.jpeg 1280w\" sizes=\"auto, (max-width: 1024px) 100vw, 1024px\" \/><\/figure><\/li><li class=\"blocks-gallery-item\"><figure><img loading=\"lazy\" decoding=\"async\" width=\"1024\" height=\"768\" src=\"https:\/\/www.radiopresidenteibanez.cl\/web\/wp-content\/uploads\/2020\/01\/WhatsApp-Image-2020-01-12-at-11.51.03-AM-1-1024x768.jpeg\" alt=\"\" data-id=\"8942\" data-full-url=\"https:\/\/www.radiopresidenteibanez.cl\/web\/wp-content\/uploads\/2020\/01\/WhatsApp-Image-2020-01-12-at-11.51.03-AM-1.jpeg\" data-link=\"https:\/\/www.radiopresidenteibanez.cl\/web\/?attachment_id=8942\" class=\"wp-image-8942\" srcset=\"https:\/\/www.radiopresidenteibanez.cl\/web\/wp-content\/uploads\/2020\/01\/WhatsApp-Image-2020-01-12-at-11.51.03-AM-1-1024x768.jpeg 1024w, https:\/\/www.radiopresidenteibanez.cl\/web\/wp-content\/uploads\/2020\/01\/WhatsApp-Image-2020-01-12-at-11.51.03-AM-1-300x225.jpeg 300w, https:\/\/www.radiopresidenteibanez.cl\/web\/wp-content\/uploads\/2020\/01\/WhatsApp-Image-2020-01-12-at-11.51.03-AM-1-768x576.jpeg 768w, https:\/\/www.radiopresidenteibanez.cl\/web\/wp-content\/uploads\/2020\/01\/WhatsApp-Image-2020-01-12-at-11.51.03-AM-1.jpeg 1280w\" sizes=\"auto, (max-width: 1024px) 100vw, 1024px\" \/><\/figure><\/li><\/ul><\/figure>\n","protected":false},"excerpt":{"rendered":"<p>Un ni\u00f1o y una ni\u00f1a fueron los primeros bebes natalinos nacidos este a\u00f1o. El 10 de enero pasado el equipo de matroner\u00eda y ginecolog\u00eda recibi\u00f3 a Tiago y Alison, qui\u00e9nes&#8230; <a class=\"read-more\" href=\"https:\/\/www.radiopresidenteibanez.cl\/web\/10-de-enero-thiago-y-alison-son-los-primeros-bebes-natalinos-nacidos-en-el-ano-2020\/\">Leer m\u00e1s<\/a><\/p>\n","protected":false},"author":2,"featured_media":8940,"comment_status":"closed","ping_status":"closed","sticky":false,"template":"","format":"standard","meta":{"footnotes":""},"categories":[1],"tags":[],"class_list":["post-8939","post","type-post","status-publish","format-standard","has-post-thumbnail","hentry","category-cronica"],"_links":{"self":[{"href":"https:\/\/www.radiopresidenteibanez.cl\/web\/wp-json\/wp\/v2\/posts\/8939","targetHints":{"allow":["GET"]}}],"collection":[{"href":"https:\/\/www.radiopresidenteibanez.cl\/web\/wp-json\/wp\/v2\/posts"}],"about":[{"href":"https:\/\/www.radiopresidenteibanez.cl\/web\/wp-json\/wp\/v2\/types\/post"}],"author":[{"embeddable":true,"href":"https:\/\/www.radiopresidenteibanez.cl\/web\/wp-json\/wp\/v2\/users\/2"}],"replies":[{"embeddable":true,"href":"https:\/\/www.radiopresidenteibanez.cl\/web\/wp-json\/wp\/v2\/comments?post=8939"}],"version-history":[{"count":0,"href":"https:\/\/www.radiopresidenteibanez.cl\/web\/wp-json\/wp\/v2\/posts\/8939\/revisions"}],"wp:featuredmedia":[{"embeddable":true,"href":"https:\/\/www.radiopresidenteibanez.cl\/web\/wp-json\/wp\/v2\/media\/8940"}],"wp:attachment":[{"href":"https:\/\/www.radiopresidenteibanez.cl\/web\/wp-json\/wp\/v2\/media?parent=8939"}],"wp:term":[{"taxonomy":"category","embeddable":true,"href":"https:\/\/www.radiopresidenteibanez.cl\/web\/wp-json\/wp\/v2\/categories?post=8939"},{"taxonomy":"post_tag","embeddable":true,"href":"https:\/\/www.radiopresidenteibanez.cl\/web\/wp-json\/wp\/v2\/tags?post=8939"}],"curies":[{"name":"wp","href":"https:\/\/api.w.org\/{rel}","templated":true}]}}