{"id":892,"date":"2019-01-30T19:11:57","date_gmt":"2019-01-30T19:11:57","guid":{"rendered":"http:\/\/www.radiopresidenteibanez.cl\/web\/?p=892"},"modified":"2019-01-30T19:12:09","modified_gmt":"2019-01-30T19:12:09","slug":"servicio-de-salud-da-a-conocer-que-no-se-encuentra-realizando-encuestas-domiciliarias","status":"publish","type":"post","link":"https:\/\/www.radiopresidenteibanez.cl\/web\/servicio-de-salud-da-a-conocer-que-no-se-encuentra-realizando-encuestas-domiciliarias\/","title":{"rendered":"SERVICIO DE SALUD DA A CONOCER QUE NO SE ENCUENTRA REALIZANDO ENCUESTAS DOMICILIARIAS"},"content":{"rendered":"\n<p>La\nDirecci\u00f3n del Servicio de Salud Magallanes informa a todos los vecinos de Punta\nArenas y comunidad Magall\u00e1nica que, ha recibido informaci\u00f3n sobre la\nrealizaci\u00f3n de encuestas domiciliarias por parte de personas que dicen\naplicarlas por requerimiento de este Servicio de Salud, no siendo ello\nefectivo.<\/p>\n\n\n\n<p>Por\nello, somos claros en se\u00f1alar que, el Servicio de Salud Magallanes no est\u00e1\nllevando adelante ning\u00fan tipo de investigaci\u00f3n, estudio o consulta ciudadana\nque requiera de la realizaci\u00f3n de encuestas domiciliaras, por lo que\nsolicitamos a la comunidad en general no participar de ellas. <\/p>\n","protected":false},"excerpt":{"rendered":"<p>La Direcci\u00f3n del Servicio de Salud Magallanes informa a todos los vecinos de Punta Arenas y comunidad Magall\u00e1nica que, ha recibido informaci\u00f3n sobre la realizaci\u00f3n de encuestas domiciliarias por parte&#8230; <a class=\"read-more\" href=\"https:\/\/www.radiopresidenteibanez.cl\/web\/servicio-de-salud-da-a-conocer-que-no-se-encuentra-realizando-encuestas-domiciliarias\/\">Leer m\u00e1s<\/a><\/p>\n","protected":false},"author":2,"featured_media":740,"comment_status":"closed","ping_status":"closed","sticky":false,"template":"","format":"standard","meta":{"footnotes":""},"categories":[1],"tags":[],"class_list":["post-892","post","type-post","status-publish","format-standard","has-post-thumbnail","hentry","category-cronica"],"_links":{"self":[{"href":"https:\/\/www.radiopresidenteibanez.cl\/web\/wp-json\/wp\/v2\/posts\/892","targetHints":{"allow":["GET"]}}],"collection":[{"href":"https:\/\/www.radiopresidenteibanez.cl\/web\/wp-json\/wp\/v2\/posts"}],"about":[{"href":"https:\/\/www.radiopresidenteibanez.cl\/web\/wp-json\/wp\/v2\/types\/post"}],"author":[{"embeddable":true,"href":"https:\/\/www.radiopresidenteibanez.cl\/web\/wp-json\/wp\/v2\/users\/2"}],"replies":[{"embeddable":true,"href":"https:\/\/www.radiopresidenteibanez.cl\/web\/wp-json\/wp\/v2\/comments?post=892"}],"version-history":[{"count":0,"href":"https:\/\/www.radiopresidenteibanez.cl\/web\/wp-json\/wp\/v2\/posts\/892\/revisions"}],"wp:featuredmedia":[{"embeddable":true,"href":"https:\/\/www.radiopresidenteibanez.cl\/web\/wp-json\/wp\/v2\/media\/740"}],"wp:attachment":[{"href":"https:\/\/www.radiopresidenteibanez.cl\/web\/wp-json\/wp\/v2\/media?parent=892"}],"wp:term":[{"taxonomy":"category","embeddable":true,"href":"https:\/\/www.radiopresidenteibanez.cl\/web\/wp-json\/wp\/v2\/categories?post=892"},{"taxonomy":"post_tag","embeddable":true,"href":"https:\/\/www.radiopresidenteibanez.cl\/web\/wp-json\/wp\/v2\/tags?post=892"}],"curies":[{"name":"wp","href":"https:\/\/api.w.org\/{rel}","templated":true}]}}