{"id":8917,"date":"2020-01-10T22:46:26","date_gmt":"2020-01-10T22:46:26","guid":{"rendered":"https:\/\/www.radiopresidenteibanez.cl\/web\/?p=8917"},"modified":"2020-01-10T22:46:29","modified_gmt":"2020-01-10T22:46:29","slug":"voluntarios-de-bomberos-trabajaron-en-control-de-incendio-que-afecto-a-iglesia","status":"publish","type":"post","link":"https:\/\/www.radiopresidenteibanez.cl\/web\/voluntarios-de-bomberos-trabajaron-en-control-de-incendio-que-afecto-a-iglesia\/","title":{"rendered":"VOLUNTARIOS DE BOMBEROS TRABAJARON EN CONTROL DE INCENDIO QUE AFECT\u00d3 A IGLESIA"},"content":{"rendered":"\n<p>Pasadas las 19.15 horas, voluntarios de la 3ra, 4ta y 7ta Compa\u00f1\u00eda de Bomberos concurrieron hasta calle General Salvo con Juan Blanchard, esto luego de que fueran alertados de la presencia de humo desde una iglesia.<\/p>\n\n\n\n<p>Noticia en desarrollo.<\/p>\n\n\n\n<p>Im\u00e1genes cedidas Luis Garc\u00eda Barr\u00eda. <\/p>\n\n\n\n<figure class=\"wp-block-gallery columns-3 is-cropped wp-block-gallery-1 is-layout-flex wp-block-gallery-is-layout-flex\"><ul class=\"blocks-gallery-grid\"><li class=\"blocks-gallery-item\"><figure><img loading=\"lazy\" decoding=\"async\" width=\"768\" height=\"1024\" src=\"https:\/\/www.radiopresidenteibanez.cl\/web\/wp-content\/uploads\/2020\/01\/IMG-20200110-WA0064-1-768x1024.jpg\" alt=\"\" data-id=\"8919\" data-full-url=\"https:\/\/www.radiopresidenteibanez.cl\/web\/wp-content\/uploads\/2020\/01\/IMG-20200110-WA0064-1.jpg\" data-link=\"https:\/\/www.radiopresidenteibanez.cl\/web\/?attachment_id=8919\" class=\"wp-image-8919\" srcset=\"https:\/\/www.radiopresidenteibanez.cl\/web\/wp-content\/uploads\/2020\/01\/IMG-20200110-WA0064-1-768x1024.jpg 768w, https:\/\/www.radiopresidenteibanez.cl\/web\/wp-content\/uploads\/2020\/01\/IMG-20200110-WA0064-1-225x300.jpg 225w, https:\/\/www.radiopresidenteibanez.cl\/web\/wp-content\/uploads\/2020\/01\/IMG-20200110-WA0064-1.jpg 774w\" sizes=\"auto, (max-width: 768px) 100vw, 768px\" \/><\/figure><\/li><li class=\"blocks-gallery-item\"><figure><img loading=\"lazy\" decoding=\"async\" width=\"768\" height=\"1024\" src=\"https:\/\/www.radiopresidenteibanez.cl\/web\/wp-content\/uploads\/2020\/01\/IMG-20200110-WA0060-768x1024.jpg\" alt=\"\" data-id=\"8920\" data-full-url=\"https:\/\/www.radiopresidenteibanez.cl\/web\/wp-content\/uploads\/2020\/01\/IMG-20200110-WA0060.jpg\" data-link=\"https:\/\/www.radiopresidenteibanez.cl\/web\/?attachment_id=8920\" class=\"wp-image-8920\" srcset=\"https:\/\/www.radiopresidenteibanez.cl\/web\/wp-content\/uploads\/2020\/01\/IMG-20200110-WA0060-768x1024.jpg 768w, https:\/\/www.radiopresidenteibanez.cl\/web\/wp-content\/uploads\/2020\/01\/IMG-20200110-WA0060-225x300.jpg 225w, https:\/\/www.radiopresidenteibanez.cl\/web\/wp-content\/uploads\/2020\/01\/IMG-20200110-WA0060.jpg 774w\" sizes=\"auto, (max-width: 768px) 100vw, 768px\" \/><\/figure><\/li><li class=\"blocks-gallery-item\"><figure><img loading=\"lazy\" decoding=\"async\" width=\"768\" height=\"1024\" src=\"https:\/\/www.radiopresidenteibanez.cl\/web\/wp-content\/uploads\/2020\/01\/IMG-20200110-WA0059-768x1024.jpg\" alt=\"\" data-id=\"8921\" data-full-url=\"https:\/\/www.radiopresidenteibanez.cl\/web\/wp-content\/uploads\/2020\/01\/IMG-20200110-WA0059.jpg\" data-link=\"https:\/\/www.radiopresidenteibanez.cl\/web\/?attachment_id=8921\" class=\"wp-image-8921\" srcset=\"https:\/\/www.radiopresidenteibanez.cl\/web\/wp-content\/uploads\/2020\/01\/IMG-20200110-WA0059-768x1024.jpg 768w, https:\/\/www.radiopresidenteibanez.cl\/web\/wp-content\/uploads\/2020\/01\/IMG-20200110-WA0059-225x300.jpg 225w, https:\/\/www.radiopresidenteibanez.cl\/web\/wp-content\/uploads\/2020\/01\/IMG-20200110-WA0059.jpg 774w\" sizes=\"auto, (max-width: 768px) 100vw, 768px\" \/><\/figure><\/li><li class=\"blocks-gallery-item\"><figure><img loading=\"lazy\" decoding=\"async\" width=\"768\" height=\"1024\" src=\"https:\/\/www.radiopresidenteibanez.cl\/web\/wp-content\/uploads\/2020\/01\/IMG-20200110-WA0062-768x1024.jpg\" alt=\"\" data-id=\"8922\" data-full-url=\"https:\/\/www.radiopresidenteibanez.cl\/web\/wp-content\/uploads\/2020\/01\/IMG-20200110-WA0062.jpg\" data-link=\"https:\/\/www.radiopresidenteibanez.cl\/web\/?attachment_id=8922\" class=\"wp-image-8922\" srcset=\"https:\/\/www.radiopresidenteibanez.cl\/web\/wp-content\/uploads\/2020\/01\/IMG-20200110-WA0062-768x1024.jpg 768w, https:\/\/www.radiopresidenteibanez.cl\/web\/wp-content\/uploads\/2020\/01\/IMG-20200110-WA0062-225x300.jpg 225w, https:\/\/www.radiopresidenteibanez.cl\/web\/wp-content\/uploads\/2020\/01\/IMG-20200110-WA0062.jpg 774w\" sizes=\"auto, (max-width: 768px) 100vw, 768px\" \/><\/figure><\/li><\/ul><\/figure>\n","protected":false},"excerpt":{"rendered":"<p>Pasadas las 19.15 horas, voluntarios de la 3ra, 4ta y 7ta Compa\u00f1\u00eda de Bomberos concurrieron hasta calle General Salvo con Juan Blanchard, esto luego de que fueran alertados de la&#8230; <a class=\"read-more\" href=\"https:\/\/www.radiopresidenteibanez.cl\/web\/voluntarios-de-bomberos-trabajaron-en-control-de-incendio-que-afecto-a-iglesia\/\">Leer m\u00e1s<\/a><\/p>\n","protected":false},"author":2,"featured_media":8920,"comment_status":"closed","ping_status":"closed","sticky":false,"template":"","format":"standard","meta":{"footnotes":""},"categories":[1],"tags":[],"class_list":["post-8917","post","type-post","status-publish","format-standard","has-post-thumbnail","hentry","category-cronica"],"_links":{"self":[{"href":"https:\/\/www.radiopresidenteibanez.cl\/web\/wp-json\/wp\/v2\/posts\/8917","targetHints":{"allow":["GET"]}}],"collection":[{"href":"https:\/\/www.radiopresidenteibanez.cl\/web\/wp-json\/wp\/v2\/posts"}],"about":[{"href":"https:\/\/www.radiopresidenteibanez.cl\/web\/wp-json\/wp\/v2\/types\/post"}],"author":[{"embeddable":true,"href":"https:\/\/www.radiopresidenteibanez.cl\/web\/wp-json\/wp\/v2\/users\/2"}],"replies":[{"embeddable":true,"href":"https:\/\/www.radiopresidenteibanez.cl\/web\/wp-json\/wp\/v2\/comments?post=8917"}],"version-history":[{"count":0,"href":"https:\/\/www.radiopresidenteibanez.cl\/web\/wp-json\/wp\/v2\/posts\/8917\/revisions"}],"wp:featuredmedia":[{"embeddable":true,"href":"https:\/\/www.radiopresidenteibanez.cl\/web\/wp-json\/wp\/v2\/media\/8920"}],"wp:attachment":[{"href":"https:\/\/www.radiopresidenteibanez.cl\/web\/wp-json\/wp\/v2\/media?parent=8917"}],"wp:term":[{"taxonomy":"category","embeddable":true,"href":"https:\/\/www.radiopresidenteibanez.cl\/web\/wp-json\/wp\/v2\/categories?post=8917"},{"taxonomy":"post_tag","embeddable":true,"href":"https:\/\/www.radiopresidenteibanez.cl\/web\/wp-json\/wp\/v2\/tags?post=8917"}],"curies":[{"name":"wp","href":"https:\/\/api.w.org\/{rel}","templated":true}]}}