{"id":8912,"date":"2020-01-10T19:24:00","date_gmt":"2020-01-10T19:24:00","guid":{"rendered":"https:\/\/www.radiopresidenteibanez.cl\/web\/?p=8912"},"modified":"2020-01-10T19:24:03","modified_gmt":"2020-01-10T19:24:03","slug":"un-detenido-confeso-por-incendio-que-afecto-a-afp-habitat-en-punta-arenas","status":"publish","type":"post","link":"https:\/\/www.radiopresidenteibanez.cl\/web\/un-detenido-confeso-por-incendio-que-afecto-a-afp-habitat-en-punta-arenas\/","title":{"rendered":"UN DETENIDO CONFESO POR INCENDIO QUE AFECT\u00d3 A AFP HABITAT EN PUNTA ARENAS"},"content":{"rendered":"\n<p>El pasado 12 de noviembre del 2019, en medio de las\nmanifestaciones que se estaban realizando en los sectores aleda\u00f1os al centro de\nla ciudad de Punta Arenas, un incendio afect\u00f3 a las dependencias de la AFP\nHABITAT ubicada en las intersecciones de Avenida Colon con calle Magallanes.<\/p>\n\n\n\n<p>Por lo anterior y luego de una investigaci\u00f3n\nrealizada por la Polic\u00eda de Investigaciones se logr\u00f3 la detenci\u00f3n de un joven estudiante\nde 24 a\u00f1os quien ser\u00eda autor confes\u00f3 del acto delictual.<\/p>\n\n\n\n<p>Durante la jornada de este viernes el detenido paso\na manos de la justicia.<\/p>\n","protected":false},"excerpt":{"rendered":"<p>El pasado 12 de noviembre del 2019, en medio de las manifestaciones que se estaban realizando en los sectores aleda\u00f1os al centro de la ciudad de Punta Arenas, un incendio&#8230; <a class=\"read-more\" href=\"https:\/\/www.radiopresidenteibanez.cl\/web\/un-detenido-confeso-por-incendio-que-afecto-a-afp-habitat-en-punta-arenas\/\">Leer m\u00e1s<\/a><\/p>\n","protected":false},"author":2,"featured_media":8913,"comment_status":"closed","ping_status":"closed","sticky":false,"template":"","format":"standard","meta":{"footnotes":""},"categories":[6],"tags":[],"class_list":["post-8912","post","type-post","status-publish","format-standard","has-post-thumbnail","hentry","category-policial"],"_links":{"self":[{"href":"https:\/\/www.radiopresidenteibanez.cl\/web\/wp-json\/wp\/v2\/posts\/8912","targetHints":{"allow":["GET"]}}],"collection":[{"href":"https:\/\/www.radiopresidenteibanez.cl\/web\/wp-json\/wp\/v2\/posts"}],"about":[{"href":"https:\/\/www.radiopresidenteibanez.cl\/web\/wp-json\/wp\/v2\/types\/post"}],"author":[{"embeddable":true,"href":"https:\/\/www.radiopresidenteibanez.cl\/web\/wp-json\/wp\/v2\/users\/2"}],"replies":[{"embeddable":true,"href":"https:\/\/www.radiopresidenteibanez.cl\/web\/wp-json\/wp\/v2\/comments?post=8912"}],"version-history":[{"count":0,"href":"https:\/\/www.radiopresidenteibanez.cl\/web\/wp-json\/wp\/v2\/posts\/8912\/revisions"}],"wp:featuredmedia":[{"embeddable":true,"href":"https:\/\/www.radiopresidenteibanez.cl\/web\/wp-json\/wp\/v2\/media\/8913"}],"wp:attachment":[{"href":"https:\/\/www.radiopresidenteibanez.cl\/web\/wp-json\/wp\/v2\/media?parent=8912"}],"wp:term":[{"taxonomy":"category","embeddable":true,"href":"https:\/\/www.radiopresidenteibanez.cl\/web\/wp-json\/wp\/v2\/categories?post=8912"},{"taxonomy":"post_tag","embeddable":true,"href":"https:\/\/www.radiopresidenteibanez.cl\/web\/wp-json\/wp\/v2\/tags?post=8912"}],"curies":[{"name":"wp","href":"https:\/\/api.w.org\/{rel}","templated":true}]}}