{"id":8909,"date":"2020-01-10T19:10:59","date_gmt":"2020-01-10T19:10:59","guid":{"rendered":"https:\/\/www.radiopresidenteibanez.cl\/web\/?p=8909"},"modified":"2020-01-10T19:11:02","modified_gmt":"2020-01-10T19:11:02","slug":"helicoptero-de-carabineros-junto-a-personal-de-la-4ta-comisaria-realizaron-aerorescate-en-puerto-williams","status":"publish","type":"post","link":"https:\/\/www.radiopresidenteibanez.cl\/web\/helicoptero-de-carabineros-junto-a-personal-de-la-4ta-comisaria-realizaron-aerorescate-en-puerto-williams\/","title":{"rendered":"HELIC\u00d3PTERO DE CARABINEROS JUNTO A PERSONAL DE LA 4TA COMISAR\u00cdA REALIZARON AERORESCATE EN PUERTO WILLIAMS"},"content":{"rendered":"\n<p>Ayer jueves 09:50 hrs. se present\u00f3 en la guardia de la 4ta. Comisaria de Puerto Williams (F), un empresario tur\u00edstico de la zona, informando que un gu\u00eda de su empresa minutos antes hab\u00eda tomado contacto telef\u00f3nico v\u00eda satelital se\u00f1alando que en el sector de Laguna el Salto, distante a 5 horas de Puerto Williams, se encontraban dos turistas, uno de ellos absolutamente descompensado producto de las adversas condiciones meteorol\u00f3gicas reinantes en la zona.<\/p>\n\n\n\n<p>Efectuado una revisi\u00f3n en el registro de turistas de esta unidad, se pudo establecer que dicha persona corresponde a un var\u00f3n de 73 a\u00f1os de edad, chileno, quien subi\u00f3 junto a otra persona al trekking dientes de navarino el d\u00eda 07 de enero del presente a\u00f1o.<\/p>\n\n\n\n<p>Se prepar\u00f3 una patrulla compuesta por 3 carabineros de la 4ta comisar\u00eda de Puerto Williams, unidad fronteriza, a cargo de un Sargento 1ro.  especialista en Monta\u00f1a y Frontera, quienes juntos a dos bomberos conocedores del circuito, acudieron al lugar ayer jueves a las 11 am. encontrado a los turistas, junto a quienes levantaron campamento, logrando estabilizar la hipotermia del visitante y quedando a la espera de la aeroevacuaci\u00f3n ya que no pod\u00eda moverse. <br>\nEste viernes, a las 12:10 horas personal de la secci\u00f3n a\u00e9rea de Punta Arenas en el helic\u00f3ptero institucional C-21, lograron el rescate desde el sector denominado Laguna el salto, de ciudadano, junto a un acompa\u00f1ante.<\/p>\n\n\n\n<p>El turista tenia una contusi\u00f3n en su pierna izquierda y principio de hipotermia raz\u00f3n por la cual fueron trasladados hasta el hospital naval para su evaluaci\u00f3n.<\/p>\n","protected":false},"excerpt":{"rendered":"<p>Ayer jueves 09:50 hrs. se present\u00f3 en la guardia de la 4ta. Comisaria de Puerto Williams (F), un empresario tur\u00edstico de la zona, informando que un gu\u00eda de su empresa&#8230; <a class=\"read-more\" href=\"https:\/\/www.radiopresidenteibanez.cl\/web\/helicoptero-de-carabineros-junto-a-personal-de-la-4ta-comisaria-realizaron-aerorescate-en-puerto-williams\/\">Leer m\u00e1s<\/a><\/p>\n","protected":false},"author":2,"featured_media":8910,"comment_status":"closed","ping_status":"closed","sticky":false,"template":"","format":"standard","meta":{"footnotes":""},"categories":[1],"tags":[],"class_list":["post-8909","post","type-post","status-publish","format-standard","has-post-thumbnail","hentry","category-cronica"],"_links":{"self":[{"href":"https:\/\/www.radiopresidenteibanez.cl\/web\/wp-json\/wp\/v2\/posts\/8909","targetHints":{"allow":["GET"]}}],"collection":[{"href":"https:\/\/www.radiopresidenteibanez.cl\/web\/wp-json\/wp\/v2\/posts"}],"about":[{"href":"https:\/\/www.radiopresidenteibanez.cl\/web\/wp-json\/wp\/v2\/types\/post"}],"author":[{"embeddable":true,"href":"https:\/\/www.radiopresidenteibanez.cl\/web\/wp-json\/wp\/v2\/users\/2"}],"replies":[{"embeddable":true,"href":"https:\/\/www.radiopresidenteibanez.cl\/web\/wp-json\/wp\/v2\/comments?post=8909"}],"version-history":[{"count":0,"href":"https:\/\/www.radiopresidenteibanez.cl\/web\/wp-json\/wp\/v2\/posts\/8909\/revisions"}],"wp:featuredmedia":[{"embeddable":true,"href":"https:\/\/www.radiopresidenteibanez.cl\/web\/wp-json\/wp\/v2\/media\/8910"}],"wp:attachment":[{"href":"https:\/\/www.radiopresidenteibanez.cl\/web\/wp-json\/wp\/v2\/media?parent=8909"}],"wp:term":[{"taxonomy":"category","embeddable":true,"href":"https:\/\/www.radiopresidenteibanez.cl\/web\/wp-json\/wp\/v2\/categories?post=8909"},{"taxonomy":"post_tag","embeddable":true,"href":"https:\/\/www.radiopresidenteibanez.cl\/web\/wp-json\/wp\/v2\/tags?post=8909"}],"curies":[{"name":"wp","href":"https:\/\/api.w.org\/{rel}","templated":true}]}}