{"id":8905,"date":"2020-01-10T18:40:02","date_gmt":"2020-01-10T18:40:02","guid":{"rendered":"https:\/\/www.radiopresidenteibanez.cl\/web\/?p=8905"},"modified":"2020-01-10T18:40:06","modified_gmt":"2020-01-10T18:40:06","slug":"intensas-precipitaciones-en-puerto-williams-obligan-a-suspender-servicio-de-agua-potable","status":"publish","type":"post","link":"https:\/\/www.radiopresidenteibanez.cl\/web\/intensas-precipitaciones-en-puerto-williams-obligan-a-suspender-servicio-de-agua-potable\/","title":{"rendered":"INTENSAS PRECIPITACIONES EN PUERTO WILLIAMS OBLIGAN A SUSPENDER SERVICIO DE AGUA POTABLE"},"content":{"rendered":"\n<p>Intensas precipitaciones de agua lluvia registradas durante la jornada de ayer jueves (9 de enero) en Puerto Willliams gener\u00f3 diversos trastornos en la lejana localidad, obligando a la empresa sanitaria Aguas Magallanes a suspender el servicio de distribuci\u00f3n de agua potable.<\/p>\n\n\n\n<p>El cambio clim\u00e1tico ser\u00eda uno de los factores que de manera inusual sorprendi\u00f3 a los habitantes de la comuna de Cabo de Hornos. Los 56 mm de agua ca\u00edda&nbsp; provocaron un aumento inusual del r\u00edo Robalo, desde donde Aguas Magallanes capta agua cruda para producir agua potable.<\/p>\n\n\n\n<p>A primera hora de esta ma\u00f1ana, Wladimir Gil Herrera, gerente de Operaciones e Infraestructura se traslad\u00f3 hasta la comuna de Cabo de Hornos para apoyar los trabajos de restablecimiento del servicio. El ejecutivo explic\u00f3 que, \u00abdurante el evento clim\u00e1tico, el filtro ubicado en la captaci\u00f3n quedo obstruido a consecuencia del arrastre de hojas y sedimento, lo que deriv\u00f3 en el ingreso de aire&nbsp; y la obstrucci\u00f3n de la l\u00ednea de aducci\u00f3n. Dicho filtro se limpi\u00f3 inmediatamente y durante toda la jornada de ayer, se trabaj\u00f3 en la desobstrucci\u00f3n de la l\u00ednea de aducci\u00f3n, la cual lleva el agua cruda hasta la planta de tratamiento de aguas potable\u00bb.<\/p>\n\n\n\n<p>De igual forma inform\u00f3 que durante esta ma\u00f1ana continuaron los trabajos de limpieza de la l\u00ednea de aducci\u00f3n, con el apoyo de equipos y maquinaria.&nbsp; Si bien se logr\u00f3 acotar&nbsp; el problema al primer tramo de la l\u00ednea, a\u00fan no es posible normalizar el servicio de producci\u00f3n, por lo que en coordinaci\u00f3n con la Gobernaci\u00f3n Provincial y la colaboraci\u00f3n de empresas privadas, se dispuso a partir de las 13:30 horas un punto de reparto de agua para uso sanitario en calle O\u00b4Higgins N\u00b0187.<\/p>\n\n\n\n<p>Finalmente, se\u00f1al\u00f3 que, \u00abentendemos las molestias que esta situaci\u00f3n genera, por ello continuamos&nbsp;trabajando en terreno y&nbsp; en permanente coordinaci\u00f3n con autoridades comunales y de gobierno provincial, Bomberos, Armada y empresas de la localidad para restablecer el servicio lo antes posible, concluyo el ejecutivo de Aguas Magallanes.<\/p>\n","protected":false},"excerpt":{"rendered":"<p>Intensas precipitaciones de agua lluvia registradas durante la jornada de ayer jueves (9 de enero) en Puerto Willliams gener\u00f3 diversos trastornos en la lejana localidad, obligando a la empresa sanitaria&#8230; <a class=\"read-more\" href=\"https:\/\/www.radiopresidenteibanez.cl\/web\/intensas-precipitaciones-en-puerto-williams-obligan-a-suspender-servicio-de-agua-potable\/\">Leer m\u00e1s<\/a><\/p>\n","protected":false},"author":2,"featured_media":8906,"comment_status":"closed","ping_status":"closed","sticky":false,"template":"","format":"standard","meta":{"footnotes":""},"categories":[1],"tags":[],"class_list":["post-8905","post","type-post","status-publish","format-standard","has-post-thumbnail","hentry","category-cronica"],"_links":{"self":[{"href":"https:\/\/www.radiopresidenteibanez.cl\/web\/wp-json\/wp\/v2\/posts\/8905","targetHints":{"allow":["GET"]}}],"collection":[{"href":"https:\/\/www.radiopresidenteibanez.cl\/web\/wp-json\/wp\/v2\/posts"}],"about":[{"href":"https:\/\/www.radiopresidenteibanez.cl\/web\/wp-json\/wp\/v2\/types\/post"}],"author":[{"embeddable":true,"href":"https:\/\/www.radiopresidenteibanez.cl\/web\/wp-json\/wp\/v2\/users\/2"}],"replies":[{"embeddable":true,"href":"https:\/\/www.radiopresidenteibanez.cl\/web\/wp-json\/wp\/v2\/comments?post=8905"}],"version-history":[{"count":0,"href":"https:\/\/www.radiopresidenteibanez.cl\/web\/wp-json\/wp\/v2\/posts\/8905\/revisions"}],"wp:featuredmedia":[{"embeddable":true,"href":"https:\/\/www.radiopresidenteibanez.cl\/web\/wp-json\/wp\/v2\/media\/8906"}],"wp:attachment":[{"href":"https:\/\/www.radiopresidenteibanez.cl\/web\/wp-json\/wp\/v2\/media?parent=8905"}],"wp:term":[{"taxonomy":"category","embeddable":true,"href":"https:\/\/www.radiopresidenteibanez.cl\/web\/wp-json\/wp\/v2\/categories?post=8905"},{"taxonomy":"post_tag","embeddable":true,"href":"https:\/\/www.radiopresidenteibanez.cl\/web\/wp-json\/wp\/v2\/tags?post=8905"}],"curies":[{"name":"wp","href":"https:\/\/api.w.org\/{rel}","templated":true}]}}