{"id":8902,"date":"2020-01-10T18:38:22","date_gmt":"2020-01-10T18:38:22","guid":{"rendered":"https:\/\/www.radiopresidenteibanez.cl\/web\/?p=8902"},"modified":"2020-01-10T18:38:25","modified_gmt":"2020-01-10T18:38:25","slug":"amar-azul-cerrara-la-festividad-del-asado-mas-grande-de-tierra-del-fuego-y-de-la-patagonia-en-porvenir-el-proximo-8-de-febrero","status":"publish","type":"post","link":"https:\/\/www.radiopresidenteibanez.cl\/web\/amar-azul-cerrara-la-festividad-del-asado-mas-grande-de-tierra-del-fuego-y-de-la-patagonia-en-porvenir-el-proximo-8-de-febrero\/","title":{"rendered":"AMAR AZUL CERRAR\u00c1 LA FESTIVIDAD DEL \u201cASADO M\u00c1S GRANDE DE TIERRA DEL FUEGO Y DE LA PATAGONIA\u201d EN PORVENIR EL PR\u00d3XIMO 8 DE FEBRERO"},"content":{"rendered":"\n<p>En el sal\u00f3n audit\u00f3rium del museo\nmunicipal, se realiz\u00f3 el lanzamiento de la versi\u00f3n 19 del \u201cAsado M\u00e1s Grande de\nTierra del Fuego y de la Patagonia\u201d en el citado lanzamiento estuvo presente la\nAlcaldesa de Porvenir Marisol Andrade, la Gobernadora Margarita Norambuena, los\nconcejales Rosa Gesell, Ryan Verdugo y la participaci\u00f3n de la agrupaci\u00f3n\nfolcl\u00f3rica Oro Fueguino.<\/p>\n\n\n\n<p>El origen de este lanzamiento fue para\nentregar toda la informaci\u00f3n de esta nueva edici\u00f3n de \u2018El Asado M\u00e1s Grande de\nTierra del Fuego y la Patagonia\u2019 junto a equipos competidores de nuestra comuna.<\/p>\n\n\n\n<p>La primera autoridad comunal, aprovech\u00f3\nla oportunidad \u201cpara hacer una invitaci\u00f3n a toda la comunidad, para que asista\nel d\u00eda 08 de febrero al asado m\u00e1s grande y los vamos a esperar con muchas\nactividades culturales muy entretenidas y por supuesto van a disfrutar de un\nhermoso d\u00eda de campo\u201d. Asimismo, la autoridad edilicia, agradeci\u00f3 a los medios\nde comunicaci\u00f3n \u201cpor difundir esta actividad que para nosotros es una actividad\nemblem\u00e1tica dentro del verano y dentro de la Regi\u00f3n de Magallanes y la\nAnt\u00e1rtica Chilena\u201d.<\/p>\n\n\n\n<p>La Alcaldesa Marisol Andrade C\u00e1rdenas,\ndio cuenta que \u201chay 17 equipos chilenos y 17 equipos argentinos, por lo tanto\nes un n\u00famero muy importante; es una fiesta que cumplir\u00e1 19 a\u00f1os realiz\u00e1ndola y\nqueremos fortalecerla tanto en calidad y variedad y asimismo fortalecer los\nlazos con nuestros hermanos argentinos\u201d.<\/p>\n\n\n\n<p>Entre las novedades la jefa comunal,\nanticip\u00f3 que \u201cvan a haber espect\u00e1culos con artistas locales, habr\u00e1 folklore\nm\u00fasica regional y la presentaci\u00f3n estelar va a estar el grupo argentino \u201cAmar\nAzul\u201d.<\/p>\n\n\n\n<p>Reiter\u00f3 que \u201ccon este evento queremos\nfortalecer el turismo y los v\u00ednculos de hermandad entre los fueguinos, porque\nuna de las caracter\u00edsticas es que tienen que ser de la Tierra del Fuego chilena\no de la parte argentina. Vivimos en una isla y esa insularidad nos imprime de\nciertas caracter\u00edsticas y originalidades en ambos sectores de Tierra del Fuego\ny que nos diferencian del resto de ambos pa\u00edses\u201d.<\/p>\n\n\n\n<p>Finalmente, destac\u00f3 que \u201clo que busca\nesta fiesta es rescatar algo tan t\u00edpico como un d\u00eda campestre, un d\u00eda de\nfamilia, un d\u00eda de encuentro con amigos que es lo que representa \u2018El Asado M\u00e1s\nGrande de Tierra del Fuego y de la Patagonia\u2019 y es lo que tratamos de mantener\ny fortalecer en el tiempo\u201d.<\/p>\n","protected":false},"excerpt":{"rendered":"<p>En el sal\u00f3n audit\u00f3rium del museo municipal, se realiz\u00f3 el lanzamiento de la versi\u00f3n 19 del \u201cAsado M\u00e1s Grande de Tierra del Fuego y de la Patagonia\u201d en el citado&#8230; <a class=\"read-more\" href=\"https:\/\/www.radiopresidenteibanez.cl\/web\/amar-azul-cerrara-la-festividad-del-asado-mas-grande-de-tierra-del-fuego-y-de-la-patagonia-en-porvenir-el-proximo-8-de-febrero\/\">Leer m\u00e1s<\/a><\/p>\n","protected":false},"author":2,"featured_media":8903,"comment_status":"closed","ping_status":"closed","sticky":false,"template":"","format":"standard","meta":{"footnotes":""},"categories":[4],"tags":[],"class_list":["post-8902","post","type-post","status-publish","format-standard","has-post-thumbnail","hentry","category-entretenimiento-y-cultura"],"_links":{"self":[{"href":"https:\/\/www.radiopresidenteibanez.cl\/web\/wp-json\/wp\/v2\/posts\/8902","targetHints":{"allow":["GET"]}}],"collection":[{"href":"https:\/\/www.radiopresidenteibanez.cl\/web\/wp-json\/wp\/v2\/posts"}],"about":[{"href":"https:\/\/www.radiopresidenteibanez.cl\/web\/wp-json\/wp\/v2\/types\/post"}],"author":[{"embeddable":true,"href":"https:\/\/www.radiopresidenteibanez.cl\/web\/wp-json\/wp\/v2\/users\/2"}],"replies":[{"embeddable":true,"href":"https:\/\/www.radiopresidenteibanez.cl\/web\/wp-json\/wp\/v2\/comments?post=8902"}],"version-history":[{"count":0,"href":"https:\/\/www.radiopresidenteibanez.cl\/web\/wp-json\/wp\/v2\/posts\/8902\/revisions"}],"wp:featuredmedia":[{"embeddable":true,"href":"https:\/\/www.radiopresidenteibanez.cl\/web\/wp-json\/wp\/v2\/media\/8903"}],"wp:attachment":[{"href":"https:\/\/www.radiopresidenteibanez.cl\/web\/wp-json\/wp\/v2\/media?parent=8902"}],"wp:term":[{"taxonomy":"category","embeddable":true,"href":"https:\/\/www.radiopresidenteibanez.cl\/web\/wp-json\/wp\/v2\/categories?post=8902"},{"taxonomy":"post_tag","embeddable":true,"href":"https:\/\/www.radiopresidenteibanez.cl\/web\/wp-json\/wp\/v2\/tags?post=8902"}],"curies":[{"name":"wp","href":"https:\/\/api.w.org\/{rel}","templated":true}]}}