{"id":8899,"date":"2020-01-10T18:31:48","date_gmt":"2020-01-10T18:31:48","guid":{"rendered":"https:\/\/www.radiopresidenteibanez.cl\/web\/?p=8899"},"modified":"2020-01-10T18:31:52","modified_gmt":"2020-01-10T18:31:52","slug":"aguas-magallanes-implementa-conversatorios-con-organizaciones-sociales-en-punta-arenas","status":"publish","type":"post","link":"https:\/\/www.radiopresidenteibanez.cl\/web\/aguas-magallanes-implementa-conversatorios-con-organizaciones-sociales-en-punta-arenas\/","title":{"rendered":"AGUAS MAGALLANES IMPLEMENTA CONVERSATORIOS CON ORGANIZACIONES SOCIALES EN PUNTA ARENAS"},"content":{"rendered":"\n<p>Para el 14 de enero, en la Sexta Compa\u00f1\u00eda de Bomberos, Bomba Espa\u00f1a de Punta Arenas, est\u00e1 fijado el primer conversatorio que Aguas Magallanes ide\u00f3 e implement\u00f3, como una manera de escuchar a sus clientes respecto del servicio.<\/p>\n\n\n\n<p>As\u00ed, la compa\u00f1\u00eda est\u00e1 realizando una convocatoria amplia a este espacio de conversaci\u00f3n y reflexi\u00f3n sobre el rol que debe cumplir la empresa, en su relaci\u00f3n diaria con las familias que atiende, conocer sus dudas y aspiraciones y tambi\u00e9n propuestas e ideas que pudieran ser incorporadas en adelante.<\/p>\n\n\n\n<p>Para tales efectos, la compa\u00f1\u00eda -as\u00ed como sus coligadas en Arica, Iquique, Copiap\u00f3 y Temuco- est\u00e1 siendo apoyada por una consultora que dise\u00f1\u00f3 la estructura de los conversatorios y que oficiar\u00e1 de moderadora en las actividades. La empresa, por su parte, dispondr\u00e1 de uno o m\u00e1s ejecutivos en los conversatorios, para responder a consultas t\u00e9cnicas del servicio que podr\u00edan surgir. Para ser parte de esta iniciativa, los interesados deben inscribirse directamente en la oficina ubicada en Jos\u00e9 Men\u00e9ndez 839 o a trav\u00e9s del sitio&nbsp;<a href=\"https:\/\/aguasmagallanes.vform.cl\/\" target=\"_blank\" rel=\"noreferrer noopener\">https:\/\/aguasmagallanes.vform.cl<\/a>.<\/p>\n\n\n\n<p>\u201cPrestamos un servicio esencial para vida de los magall\u00e1nicos, desde hace 15 a\u00f1os y el momento que vive el pa\u00eds nos ha impulsado tambi\u00e9n a nosotros a hacer un alto para abrir un nuevo espacio de conversaci\u00f3n adicional a las permanentes reuniones que sostenemos con diversos grupos sociales. En esta oportunidad, m\u00e1s que&nbsp; contar lo que hacemos, nos motiva escuchar a las personas. Estamos invitando a la sociedad civil, representada en juntas de vecinos, clubes y otras organizaciones, a sumarse a este di\u00e1logo. Es algo necesario y esperamos que tenga una buena acogida por parte de nuestros de la comunidad\u201d, sostuvo el gerente regional de Aguas Magallanes, Christian Adema Galetovic.&nbsp;&nbsp;&nbsp;<\/p>\n\n\n\n<p>La empresa realiz\u00f3 ya un ciclo de conversatorios con sus propios trabajadores en diciembre, para luego dar paso a estas instancias con sus clientes.<\/p>\n","protected":false},"excerpt":{"rendered":"<p>Para el 14 de enero, en la Sexta Compa\u00f1\u00eda de Bomberos, Bomba Espa\u00f1a de Punta Arenas, est\u00e1 fijado el primer conversatorio que Aguas Magallanes ide\u00f3 e implement\u00f3, como una manera&#8230; <a class=\"read-more\" href=\"https:\/\/www.radiopresidenteibanez.cl\/web\/aguas-magallanes-implementa-conversatorios-con-organizaciones-sociales-en-punta-arenas\/\">Leer m\u00e1s<\/a><\/p>\n","protected":false},"author":2,"featured_media":8900,"comment_status":"closed","ping_status":"closed","sticky":false,"template":"","format":"standard","meta":{"footnotes":""},"categories":[1],"tags":[],"class_list":["post-8899","post","type-post","status-publish","format-standard","has-post-thumbnail","hentry","category-cronica"],"_links":{"self":[{"href":"https:\/\/www.radiopresidenteibanez.cl\/web\/wp-json\/wp\/v2\/posts\/8899","targetHints":{"allow":["GET"]}}],"collection":[{"href":"https:\/\/www.radiopresidenteibanez.cl\/web\/wp-json\/wp\/v2\/posts"}],"about":[{"href":"https:\/\/www.radiopresidenteibanez.cl\/web\/wp-json\/wp\/v2\/types\/post"}],"author":[{"embeddable":true,"href":"https:\/\/www.radiopresidenteibanez.cl\/web\/wp-json\/wp\/v2\/users\/2"}],"replies":[{"embeddable":true,"href":"https:\/\/www.radiopresidenteibanez.cl\/web\/wp-json\/wp\/v2\/comments?post=8899"}],"version-history":[{"count":0,"href":"https:\/\/www.radiopresidenteibanez.cl\/web\/wp-json\/wp\/v2\/posts\/8899\/revisions"}],"wp:featuredmedia":[{"embeddable":true,"href":"https:\/\/www.radiopresidenteibanez.cl\/web\/wp-json\/wp\/v2\/media\/8900"}],"wp:attachment":[{"href":"https:\/\/www.radiopresidenteibanez.cl\/web\/wp-json\/wp\/v2\/media?parent=8899"}],"wp:term":[{"taxonomy":"category","embeddable":true,"href":"https:\/\/www.radiopresidenteibanez.cl\/web\/wp-json\/wp\/v2\/categories?post=8899"},{"taxonomy":"post_tag","embeddable":true,"href":"https:\/\/www.radiopresidenteibanez.cl\/web\/wp-json\/wp\/v2\/tags?post=8899"}],"curies":[{"name":"wp","href":"https:\/\/api.w.org\/{rel}","templated":true}]}}