{"id":8894,"date":"2020-01-10T18:25:50","date_gmt":"2020-01-10T18:25:50","guid":{"rendered":"https:\/\/www.radiopresidenteibanez.cl\/web\/?p=8894"},"modified":"2020-01-10T18:25:53","modified_gmt":"2020-01-10T18:25:53","slug":"comunicado-afas-grave-situacion-en-compin-de-la-region-de-magallanes-otra-senal-de-una-mala-gestion","status":"publish","type":"post","link":"https:\/\/www.radiopresidenteibanez.cl\/web\/comunicado-afas-grave-situacion-en-compin-de-la-region-de-magallanes-otra-senal-de-una-mala-gestion\/","title":{"rendered":"COMUNICADO AFAS: GRAVE SITUACI\u00d3N EN COMPIN DE LA REGI\u00d3N DE MAGALLANES OTRA SE\u00d1AL DE UNA MALA GESTI\u00d3N"},"content":{"rendered":"\n<h6 class=\"wp-block-heading\">Como Asociaci\u00f3n\nde Funcionarios AFAS Magallanes &nbsp;queremos expresar nuestro profundo malestar a\ntrav\u00e9s de nuestra FEDERACI\u00d3N\nFENFUSSAP, en relaci\u00f3n a la grave situaci\u00f3n que se est\u00e1\nviviendo en COMPIN de la Regi\u00f3n de Magallanes, dado que al 31 de diciembre de\n2019, fueron desvinculados los 2 m\u00e9dicos de la COMPIN.<\/h6>\n\n\n\n<h6 class=\"wp-block-heading\">Esta situaci\u00f3n fue consultada varias veces a la\nAutoridad;&nbsp; y adem\u00e1s en esas\noportunidades se le pregunt\u00f3 derechamente c\u00f3mo pensaba cubrir esos puestos tan\nvitales para la org\u00e1nica de la COMPIN, sin embargo, la SEREMI Sra. Mariela\nRojas Ram\u00edrez, indic\u00f3 en varias ocasiones que esas funciones estar\u00edan cubiertas\npor 2 m\u00e9dicos que vendr\u00edan en Comisi\u00f3n de Servicio desde el Hospital Cl\u00ednico de\nMagallanes por\nalgunas horas a la semana, por lo que no se afectar\u00eda el funcionamiento de este\nimportante departamento lo cual incluso ratific\u00f3 a trav\u00e9s de la prensa regional\nal ser consultada.<\/h6>\n\n\n\n<h6 class=\"wp-block-heading\">Queremos manifestar que lamentablemente, esto no se\nha cumplido de la mejor manera, dado que existen los 2 m\u00e9dicos que est\u00e1n en\ncomisi\u00f3n de servicio&nbsp; viniendo s\u00f3lo un\npar de horas en la tarde y; por lo tanto, &nbsp;no alcanzando a cubrir el trabajo de estas\nfunciones esenciales. Adem\u00e1s, destacar que los 2 m\u00e9dicos desvinculados tomaron\nsus feriados legales antes del 31 de diciembre, quedando varios d\u00edas la COMPIN\nsin m\u00e9dicos contralor. Acumul\u00e1ndose de forma importante el trabajo. <\/h6>\n\n\n\n<h6 class=\"wp-block-heading\">Esta grave situaci\u00f3n se ha visto reflejada en el aumento de reclamos en la OIRS local, por\nel retraso de la tramitaci\u00f3n de licencias m\u00e9dicas, &nbsp;ya que repercute directamente en sus usuarios.\nAdem\u00e1s cabe destacar, son usuarios que se encuentran con un problema de salud y\nnecesitan el pago de los d\u00edas no trabajados por motivos de salud justificados.<\/h6>\n\n\n\n<h6 class=\"wp-block-heading\">Una vez m\u00e1s podemos ver se\u00f1ales del mal manejo de esta administraci\u00f3n y especialmente de la mala gesti\u00f3n de nuestra autoridad, \u00a0en donde finalmente sus decisiones repercuten negativamente en la poblaci\u00f3n que debemos proteger, ya que tal como sucedi\u00f3 con el otro caso de desvinculaci\u00f3n ocurrida a una funcionaria de Natales; se pudo confirmar que era una decisi\u00f3n arbitraria y sin fundamentos s\u00f3lidos. El que gracias a la defensa de nuestra Federaci\u00f3n y al buen criterio del nivel central, pudo revertirse.<\/h6>\n","protected":false},"excerpt":{"rendered":"<p>Como Asociaci\u00f3n de Funcionarios AFAS Magallanes &nbsp;queremos expresar nuestro profundo malestar a trav\u00e9s de nuestra FEDERACI\u00d3N FENFUSSAP, en relaci\u00f3n a la grave situaci\u00f3n que se est\u00e1 viviendo en COMPIN de&#8230; <a class=\"read-more\" href=\"https:\/\/www.radiopresidenteibanez.cl\/web\/comunicado-afas-grave-situacion-en-compin-de-la-region-de-magallanes-otra-senal-de-una-mala-gestion\/\">Leer m\u00e1s<\/a><\/p>\n","protected":false},"author":2,"featured_media":8456,"comment_status":"closed","ping_status":"closed","sticky":false,"template":"","format":"standard","meta":{"footnotes":""},"categories":[1],"tags":[],"class_list":["post-8894","post","type-post","status-publish","format-standard","has-post-thumbnail","hentry","category-cronica"],"_links":{"self":[{"href":"https:\/\/www.radiopresidenteibanez.cl\/web\/wp-json\/wp\/v2\/posts\/8894","targetHints":{"allow":["GET"]}}],"collection":[{"href":"https:\/\/www.radiopresidenteibanez.cl\/web\/wp-json\/wp\/v2\/posts"}],"about":[{"href":"https:\/\/www.radiopresidenteibanez.cl\/web\/wp-json\/wp\/v2\/types\/post"}],"author":[{"embeddable":true,"href":"https:\/\/www.radiopresidenteibanez.cl\/web\/wp-json\/wp\/v2\/users\/2"}],"replies":[{"embeddable":true,"href":"https:\/\/www.radiopresidenteibanez.cl\/web\/wp-json\/wp\/v2\/comments?post=8894"}],"version-history":[{"count":0,"href":"https:\/\/www.radiopresidenteibanez.cl\/web\/wp-json\/wp\/v2\/posts\/8894\/revisions"}],"wp:featuredmedia":[{"embeddable":true,"href":"https:\/\/www.radiopresidenteibanez.cl\/web\/wp-json\/wp\/v2\/media\/8456"}],"wp:attachment":[{"href":"https:\/\/www.radiopresidenteibanez.cl\/web\/wp-json\/wp\/v2\/media?parent=8894"}],"wp:term":[{"taxonomy":"category","embeddable":true,"href":"https:\/\/www.radiopresidenteibanez.cl\/web\/wp-json\/wp\/v2\/categories?post=8894"},{"taxonomy":"post_tag","embeddable":true,"href":"https:\/\/www.radiopresidenteibanez.cl\/web\/wp-json\/wp\/v2\/tags?post=8894"}],"curies":[{"name":"wp","href":"https:\/\/api.w.org\/{rel}","templated":true}]}}