{"id":8891,"date":"2020-01-10T18:22:30","date_gmt":"2020-01-10T18:22:30","guid":{"rendered":"https:\/\/www.radiopresidenteibanez.cl\/web\/?p=8891"},"modified":"2020-01-10T19:00:31","modified_gmt":"2020-01-10T19:00:31","slug":"en-mall-espacio-urbano-pionero-sabado-11-de-enero-abre-primer-mercado-campesino-del-ano-2020","status":"publish","type":"post","link":"https:\/\/www.radiopresidenteibanez.cl\/web\/en-mall-espacio-urbano-pionero-sabado-11-de-enero-abre-primer-mercado-campesino-del-ano-2020\/","title":{"rendered":"EN MALL ESPACIO URBANO PIONERO: S\u00c1BADO 11 DE ENERO ABRE PRIMER MERCADO CAMPESINO DEL A\u00d1O 2020"},"content":{"rendered":"\n<p>La iniciativa coordinada por INDAP y facilitada por la administraci\u00f3n del Mall Espacio Urbano Pionero ayuda a que los agricultores puedan ofrecer sus productos de temporada. \u201cTodos son frescos, sanos y reci\u00e9n cosechados\u201d, asegur\u00f3 Patricia C\u00e1rdenas, Presidenta del Consejo Asesor Campesino, CAR.<\/p>\n\n\n\n<p>Lechugas, ciboulette, kale, espinaca, acelga, ruibarbo, frutillas, huevos, plantas ornamentales, y mermeladas caseras destacan en la oferta que tendr\u00e1n disponibles el pr\u00f3ximo s\u00e1bado 11 de enero, en el Mall Espacio Urbano Pionero los agricultores de Punta Arenas. La actividad est\u00e1 programada entre 11 y 18 horas y participan m\u00e1s de 10 agricultores.<\/p>\n\n\n\n<p>\u201cLa invitaci\u00f3n es que la comunidad se acerque y aproveche de adquirir los productos de temporada propios de la zona y que se cosechan el mismo d\u00eda. Vamos a estar frente al patio de comidas\u201d, dijo Delgado.&nbsp;&nbsp;<\/p>\n\n\n\n<p>La actividad corresponde a la primera venta del a\u00f1o de Mercado Campesino y fue valorada por las autoridades del agro.<\/p>\n\n\n\n<p>\u201cLa calidad y cantidad de los productos disponibles son el reflejo del apoyo de INDAP, tanto en capacitaciones permanentes como en mejoras de infraestructura y maquinaria\u201d, destac\u00f3 Petar Bradasic, director regional de INDAP.&nbsp;&nbsp;&nbsp;<\/p>\n\n\n\n<p>La autoridad indic\u00f3 que en los \u00faltimos a\u00f1os la agricultura ha tenido un crecimiento importante gracias a los aportes del convenio suscrito entre Indap y el Gobierno Regional.\u00b4 La iniciativa ha permitido aumentar los recursos a los programas que ejecuta tradicionalmente INDAP en la regi\u00f3n.&nbsp;&nbsp;Se trata de m\u00e1s de 3 mil millones de pesos invertidos directamente en la familia campesina, en un per\u00edodo de 24 meses.<\/p>\n\n\n\n<p>Esta instancia no ser\u00e1 la \u00fanica, el pr\u00f3ximo mes la comunidad de Punta Arenas podr\u00e1 disfrutar de dos nuevas ventas de Mercado Campesino en Espacio Urbano Pionero, espec\u00edficamente los fines de semana del 8 y 22 de febrero.&nbsp;&nbsp;Y tambi\u00e9n INDAP apoya la participaci\u00f3n de agricultores en la pr\u00f3xima EXPO MAGALLANES.<\/p>\n","protected":false},"excerpt":{"rendered":"<p>La iniciativa coordinada por INDAP y facilitada por la administraci\u00f3n del Mall Espacio Urbano Pionero ayuda a que los agricultores puedan ofrecer sus productos de temporada. \u201cTodos son frescos, sanos&#8230; <a class=\"read-more\" href=\"https:\/\/www.radiopresidenteibanez.cl\/web\/en-mall-espacio-urbano-pionero-sabado-11-de-enero-abre-primer-mercado-campesino-del-ano-2020\/\">Leer m\u00e1s<\/a><\/p>\n","protected":false},"author":2,"featured_media":5064,"comment_status":"closed","ping_status":"closed","sticky":false,"template":"","format":"standard","meta":{"footnotes":""},"categories":[1],"tags":[],"class_list":["post-8891","post","type-post","status-publish","format-standard","has-post-thumbnail","hentry","category-cronica"],"_links":{"self":[{"href":"https:\/\/www.radiopresidenteibanez.cl\/web\/wp-json\/wp\/v2\/posts\/8891","targetHints":{"allow":["GET"]}}],"collection":[{"href":"https:\/\/www.radiopresidenteibanez.cl\/web\/wp-json\/wp\/v2\/posts"}],"about":[{"href":"https:\/\/www.radiopresidenteibanez.cl\/web\/wp-json\/wp\/v2\/types\/post"}],"author":[{"embeddable":true,"href":"https:\/\/www.radiopresidenteibanez.cl\/web\/wp-json\/wp\/v2\/users\/2"}],"replies":[{"embeddable":true,"href":"https:\/\/www.radiopresidenteibanez.cl\/web\/wp-json\/wp\/v2\/comments?post=8891"}],"version-history":[{"count":0,"href":"https:\/\/www.radiopresidenteibanez.cl\/web\/wp-json\/wp\/v2\/posts\/8891\/revisions"}],"wp:featuredmedia":[{"embeddable":true,"href":"https:\/\/www.radiopresidenteibanez.cl\/web\/wp-json\/wp\/v2\/media\/5064"}],"wp:attachment":[{"href":"https:\/\/www.radiopresidenteibanez.cl\/web\/wp-json\/wp\/v2\/media?parent=8891"}],"wp:term":[{"taxonomy":"category","embeddable":true,"href":"https:\/\/www.radiopresidenteibanez.cl\/web\/wp-json\/wp\/v2\/categories?post=8891"},{"taxonomy":"post_tag","embeddable":true,"href":"https:\/\/www.radiopresidenteibanez.cl\/web\/wp-json\/wp\/v2\/tags?post=8891"}],"curies":[{"name":"wp","href":"https:\/\/api.w.org\/{rel}","templated":true}]}}