{"id":8885,"date":"2020-01-10T18:12:46","date_gmt":"2020-01-10T18:12:46","guid":{"rendered":"https:\/\/www.radiopresidenteibanez.cl\/web\/?p=8885"},"modified":"2020-01-10T18:12:51","modified_gmt":"2020-01-10T18:12:51","slug":"intendente-regional-jose-fernandez-participo-de-la-jornada-de-presentacion-general-de-la-red-social-municipal-y-el-estudio-base-de-caracterizacion-socioeconomica-y-diagnosti","status":"publish","type":"post","link":"https:\/\/www.radiopresidenteibanez.cl\/web\/intendente-regional-jose-fernandez-participo-de-la-jornada-de-presentacion-general-de-la-red-social-municipal-y-el-estudio-base-de-caracterizacion-socioeconomica-y-diagnosti\/","title":{"rendered":"INTENDENTE REGIONAL JOS\u00c9 FERN\u00c1NDEZ PARTICIPO DE LA \u201cJORNADA DE PRESENTACI\u00d3N GENERAL DE LA RED SOCIAL MUNICIPAL\u201d Y EL \u201cESTUDIO BASE DE CARACTERIZACI\u00d3N SOCIOECON\u00d3MICA Y DIAGNOSTICO SOCIAL DE LA REGI\u00d3N DE MAGALLANES Y ANT\u00c1RTICA CHILENA\u201d"},"content":{"rendered":"\n<p>La Primera\nAutoridad Regional Jos\u00e9 Fern\u00e1ndez, destaco el Estudio Base de Caracterizaci\u00f3n\nSocioecon\u00f3mica que permitir\u00e1 en el corto plazo servir de insumo para la toma de\ndecisiones regionales en torno a los proyectos, programas e inversiones en el\n\u00e1rea social, lo que permitir\u00e1 priorizar de manera eficiente y eficaz los\nrecursos, m\u00e1s a\u00fan cuando este estudio tiene un fuerte componente de\nparticipaci\u00f3n ciudadana, pues la consultora recorrer\u00e1 y desarrollar\u00e1 talleres\nen todas las comunas de Magallanes, lo que permitir\u00e1 insumir de mejor manera el\nmencionado Atlas Social.<\/p>\n\n\n\n<p>Por su parte el\nJefe de la Divisi\u00f3n de Desarrollo Social y Humano, Eduardo Cardenas preciso que\nambas iniciativas son un tremendo aporte para actualizar la informaci\u00f3n de\nMagallanes en torno a los nudos cr\u00edticos Sociales en el \u00e1mbito Regional, lo que\npropender\u00e1 en el corto plazo a focalizar de la mejor manera la inversi\u00f3n\np\u00fablica, de igual forma, valoro la creaci\u00f3n de la Red Social Municipal,\ninstrumento que propender\u00e1 a un trabajo m\u00e1s colaborativo en el \u00e1mbito de\nnuestra competencia ya que tendremos los insumos de quienes tienen una cercan\u00eda\ndiaria con las problem\u00e1ticas comunales, pues son los municipios quien tienen\nlos insumos de necesidades de primera fuente. <\/p>\n\n\n\n<p>Adem\u00e1s, esta\nred nos permitir\u00e1 tener un feedback permanente lo que generar\u00e1 un mejor\nresultado en la toma de decisiones Regionales.<\/p>\n\n\n\n<p>El Estudio Base de Caracterizaci\u00f3n\nSocioecon\u00f3mica y Diagnostico Social de la Regi\u00f3n de Magallanes y Ant\u00e1rtica\nChilena, estar\u00e1 a cargo de la Universidad Adolfo Iba\u00f1ez, quienes se adjudicaron\neste proyecto luego de haber participado de la Licitaci\u00f3n P\u00fablica, levantada\npor la Divisi\u00f3n del Gobierno Regional. <\/p>\n\n\n\n<p>La Divisi\u00f3n de Desarrollo Social y Humano tiene la misi\u00f3n\nde asesorar al Ejecutivo del Gobierno Regional de la Regi\u00f3n de Magallanes y de\nla Ant\u00e1rtica Chilena, en la formulaci\u00f3n de estrategias, pol\u00edticas y planes,\ndestinados al mejoramiento de la calidad de vida de sus habitantes, mediante la\npromoci\u00f3n de la <strong>igualdad de derechos<\/strong>,\nel <strong>desarrollo de oportunidades<\/strong> y la <strong>cohesi\u00f3n social<\/strong>.<\/p>\n\n\n\n<p>Para dar cumplimiento a estos objetivos, el Plan\nestrat\u00e9gico de la DIDESO contempla la necesidad de avanzar junto a la\nciudadan\u00eda y a los diferentes estamentos relacionados con el Desarrollo Social\ny Humano de la Regi\u00f3n Magallanes, en el dise\u00f1o, financiamiento y la implementaci\u00f3n\nde soluciones p\u00fablicas oportunas y eficientes que permitan disminuir las\nactuales brechas de la desigualdad territorial.&nbsp;\n<\/p>\n\n\n\n<p><strong>Estudio Base de Caracterizaci\u00f3n\nSocioecon\u00f3mica y Diagnostico Social de la Regi\u00f3n de Magallanes y Ant\u00e1rtica\nChilena.<\/strong><\/p>\n\n\n\n<p>Consiste en la contrataci\u00f3n de una consultor\u00eda t\u00e9cnica\npara la elaboraci\u00f3n del estudio base de caracterizaci\u00f3n y diagn\u00f3stico\nsocioecon\u00f3mico regional que permitir\u00e1 la actualizaci\u00f3n y la integraci\u00f3n de\ndatos y estad\u00edsticas espec\u00edficas con enfoque territorial que permitir\u00e1n la\nconstrucci\u00f3n de la futura pol\u00edtica regional de desarrollo social y humano de\nMagallanes.<\/p>\n\n\n\n<p>&nbsp; Entre los\nprincipales productos que esta consultor\u00eda deber\u00e1 entregar se considera la\nactualizaci\u00f3n de la situaci\u00f3n socio-econ\u00f3mica de la regi\u00f3n, la identificaci\u00f3n\nde \u00e1reas prioritarias de acci\u00f3n social para enfrentar la pobreza y extrema\npobreza, y la Georreferenciaci\u00f3n de sectores de Intervenci\u00f3n que ser\u00e1n\ncompatibles con el Sistema de Informaci\u00f3n Geogr\u00e1fica del GORE Magallanes. <\/p>\n\n\n\n<p>Adem\u00e1s se considera la construcci\u00f3n de un \u00cdndice de\nDesarrollo Local (IDL), la elaboraci\u00f3n de diagn\u00f3sticos comunales\nparticipativos, la elaboraci\u00f3n de lineamientos estrat\u00e9gicos y una futura\ncartera de proyectos, que considerar\u00e1 una serie de dimensiones sociales\nrelevantes para el mejoramiento de la calidad de vida de los habitantes de\ntodas las comunas de la regi\u00f3n, entre las que se pueden mencionar:&nbsp; Educaci\u00f3n, salud, trabajo, seguridad social,\nvivienda, conectividad, redes y cohesi\u00f3n social, entre otras. <\/p>\n\n\n\n<p>Este importante levantamiento de informaci\u00f3n,\nactualizaci\u00f3n de datos y elaboraci\u00f3n de estad\u00edsticas espec\u00edficas, con enfoque\nterritorial para la construcci\u00f3n de una pol\u00edtica estrat\u00e9gica de desarrollo\nsocial y humano en la Regi\u00f3n de Magallanes y de la Ant\u00e1rtica Chilena, ser\u00e1\nejecutado por el Centro de Inteligencia Territorial de la Universidad Adolfo\nIb\u00e1\u00f1ez, mediante licitaci\u00f3n p\u00fablica financiada por SUBDERE a trav\u00e9s los\nproyectos de Apoyo a la Gesti\u00f3n Subnacional 2019\/2020. <\/p>\n\n\n\n<p><strong>Red Social Municipal<\/strong><\/p>\n\n\n\n<p>Para el accionar de la DIDESO, las Municipalidades y\nespec\u00edficamente sus departamentos u oficinas sociales (DIDECOs), se constituyen\ncomo agentes claves para la correcta focalizaci\u00f3n territorial de los recursos\ndel estado, y el desarrollo de la propia descentralizaci\u00f3n intrarregional. Por\nello, entre los principales desaf\u00edos estrat\u00e9gicos, esta nueva Divisi\u00f3n\ndetermin\u00f3 la necesidad de ejecutar acciones de car\u00e1cter permanente, que\npermitan la correcta vinculaci\u00f3n y coordinaci\u00f3n del Gobierno Regional con las diferentes\nOficinas de Desarrollo Social Municipal de toda la regi\u00f3n.<\/p>\n\n\n\n<p>Desde este punto de vista, se considera que los municipios\nson la principal puerta de entrada al sector p\u00fablico para la ciudadan\u00eda. Es en\nesta instancia en donde se proveen los servicios m\u00e1s demandados por la mayor\nparte de la poblaci\u00f3n y es ah\u00ed donde se entregan los principales beneficios\nsociales que proporciona el Estado. <\/p>\n\n\n\n<p>Por esta raz\u00f3n, en esta instancia, es relevante dar a\nconocer la Misi\u00f3n y la Visi\u00f3n de la DIDESO y proceder a la creaci\u00f3n de la RED\nSOCIAL MUNICIPAL DE MAGALLANES, instancia de trabajo interinstitucional, que\npermitir\u00e1 la coordinaci\u00f3n, cooperaci\u00f3n, interacci\u00f3n y la integraci\u00f3n de todos\nlos actores locales del desarrollo social regional.&nbsp; <strong><\/strong><\/p>\n","protected":false},"excerpt":{"rendered":"<p>La Primera Autoridad Regional Jos\u00e9 Fern\u00e1ndez, destaco el Estudio Base de Caracterizaci\u00f3n Socioecon\u00f3mica que permitir\u00e1 en el corto plazo servir de insumo para la toma de decisiones regionales en torno&#8230; <a class=\"read-more\" href=\"https:\/\/www.radiopresidenteibanez.cl\/web\/intendente-regional-jose-fernandez-participo-de-la-jornada-de-presentacion-general-de-la-red-social-municipal-y-el-estudio-base-de-caracterizacion-socioeconomica-y-diagnosti\/\">Leer m\u00e1s<\/a><\/p>\n","protected":false},"author":2,"featured_media":8886,"comment_status":"closed","ping_status":"closed","sticky":false,"template":"","format":"standard","meta":{"footnotes":""},"categories":[1],"tags":[],"class_list":["post-8885","post","type-post","status-publish","format-standard","has-post-thumbnail","hentry","category-cronica"],"_links":{"self":[{"href":"https:\/\/www.radiopresidenteibanez.cl\/web\/wp-json\/wp\/v2\/posts\/8885","targetHints":{"allow":["GET"]}}],"collection":[{"href":"https:\/\/www.radiopresidenteibanez.cl\/web\/wp-json\/wp\/v2\/posts"}],"about":[{"href":"https:\/\/www.radiopresidenteibanez.cl\/web\/wp-json\/wp\/v2\/types\/post"}],"author":[{"embeddable":true,"href":"https:\/\/www.radiopresidenteibanez.cl\/web\/wp-json\/wp\/v2\/users\/2"}],"replies":[{"embeddable":true,"href":"https:\/\/www.radiopresidenteibanez.cl\/web\/wp-json\/wp\/v2\/comments?post=8885"}],"version-history":[{"count":0,"href":"https:\/\/www.radiopresidenteibanez.cl\/web\/wp-json\/wp\/v2\/posts\/8885\/revisions"}],"wp:featuredmedia":[{"embeddable":true,"href":"https:\/\/www.radiopresidenteibanez.cl\/web\/wp-json\/wp\/v2\/media\/8886"}],"wp:attachment":[{"href":"https:\/\/www.radiopresidenteibanez.cl\/web\/wp-json\/wp\/v2\/media?parent=8885"}],"wp:term":[{"taxonomy":"category","embeddable":true,"href":"https:\/\/www.radiopresidenteibanez.cl\/web\/wp-json\/wp\/v2\/categories?post=8885"},{"taxonomy":"post_tag","embeddable":true,"href":"https:\/\/www.radiopresidenteibanez.cl\/web\/wp-json\/wp\/v2\/tags?post=8885"}],"curies":[{"name":"wp","href":"https:\/\/api.w.org\/{rel}","templated":true}]}}