{"id":8879,"date":"2020-01-09T00:48:40","date_gmt":"2020-01-09T00:48:40","guid":{"rendered":"https:\/\/www.radiopresidenteibanez.cl\/web\/?p=8879"},"modified":"2020-01-09T00:48:45","modified_gmt":"2020-01-09T00:48:45","slug":"seremi-de-gobierno-invita-a-los-magallanicos-a-participar-en-la-segunda-consulta-ciudadana-de-discriminacion","status":"publish","type":"post","link":"https:\/\/www.radiopresidenteibanez.cl\/web\/seremi-de-gobierno-invita-a-los-magallanicos-a-participar-en-la-segunda-consulta-ciudadana-de-discriminacion\/","title":{"rendered":"SEREMI DE GOBIERNO INVITA A LOS MAGALL\u00c1NICOS A PARTICIPAR  EN LA SEGUNDA CONSULTA CIUDADANA DE DISCRIMINACI\u00d3N"},"content":{"rendered":"\n<p>Actualizar la percepci\u00f3n y\nconcientizar a la ciudadan\u00eda sobre la Ley Antidiscriminaci\u00f3n, m\u00e1s conocida como\nLey Zamudio, son parte de los objetivos que tiene la Segunda Consulta Ciudadana\nde Discriminaci\u00f3n bajo el lema de sensibilizaci\u00f3n \u201cYo te respeto\u201c.<\/p>\n\n\n\n<p>Durante todo el mes de enero, periodo\nestipulado para desarrollar \u00e9sta Segunda Consulta, funcionarios de la seremi de\nGobierno y de las cuatro gobernaciones provinciales (en sus respectivos\nterritorios) estar\u00e1n aplicando el cuestionario que tiene un total de 15\npreguntas cerradas, id\u00e9nticas a las de la consulta anterior, que fue\ndesarrollada el a\u00f1o 2013.<\/p>\n\n\n\n<p>La seremi de Gobierno, Alejandra\nMu\u00f1oz, explic\u00f3 que \u201cla consulta ciudadana es una muy buena instancia para poder\nexpresar nuestros sentimientos y apreciaciones respecto al tema, por lo tanto, invito\na la comunidad de Magallanes a que se motiven a contestar esta encuesta, porque\nsu opini\u00f3n es relevante para conocer la evoluci\u00f3n que ha tenido el pa\u00eds\nrespecto a la discriminaci\u00f3n desde la aplicaci\u00f3n de la primera encuesta\u201d.<\/p>\n\n\n\n<p>Adem\u00e1s destac\u00f3 que desde el viernes\n3 de enero, los funcionarios de la seremi de Gobierno y de la gobernaci\u00f3n\nprovincial de Magallanes, se encuentran desplegados en distintos lugares como: Zona\nAustral; Hospital Cl\u00ednico de Magallanes; IPS, entre otros, porque \u201cel desaf\u00edo\npara el gobierno es construir un Chile m\u00e1s justo, m\u00e1s solidario, donde todos\nseamos respetados, incluidos y, sobre todo, para que participemos m\u00e1s en los\ndistintos procesos que nos involucran a todos los ciudadanos\u201d.<\/p>\n\n\n\n<p>La vocera del Gobierno Regional\nmanifest\u00f3 que otra forma de participar en \u00e9sta Segunda Consulta es ingresando a\n<a href=\"http:\/\/www.yoterespeto.cl\">www.yoterespeto.cl<\/a>, donde est\u00e1\ndisponible el cuestionario en espa\u00f1ol, mapudung\u00fan, aymara, rapanui y kreyol.<\/p>\n\n\n\n<p><strong>Los\nciudadanos opinan<\/strong><\/p>\n\n\n\n<p>Tras responder la encuesta, Mariela\nGaete dijo que \u201cme interes\u00f3 contestar la encuesta, porque en general me siento\ndiscriminada ya solo por ser mujer, y con respecto a la Ley Zamudio hay poco\nconocimiento y ante eso discriminas. Siento que es muy v\u00e1lido que se siga\navanzando en este tema\u201d.<\/p>\n\n\n\n<p>En tanto, Victoria Nahuelan coment\u00f3\nque \u201cme interesa opinar, porque tengo apellido mapuche. No me he sentido\ndiscriminada, pero si he visto que a otras personas las pasan a llevar y son\ndiscriminadas\u201d.<\/p>\n","protected":false},"excerpt":{"rendered":"<p>Actualizar la percepci\u00f3n y concientizar a la ciudadan\u00eda sobre la Ley Antidiscriminaci\u00f3n, m\u00e1s conocida como Ley Zamudio, son parte de los objetivos que tiene la Segunda Consulta Ciudadana de Discriminaci\u00f3n&#8230; <a class=\"read-more\" href=\"https:\/\/www.radiopresidenteibanez.cl\/web\/seremi-de-gobierno-invita-a-los-magallanicos-a-participar-en-la-segunda-consulta-ciudadana-de-discriminacion\/\">Leer m\u00e1s<\/a><\/p>\n","protected":false},"author":2,"featured_media":8880,"comment_status":"closed","ping_status":"closed","sticky":false,"template":"","format":"standard","meta":{"footnotes":""},"categories":[1],"tags":[],"class_list":["post-8879","post","type-post","status-publish","format-standard","has-post-thumbnail","hentry","category-cronica"],"_links":{"self":[{"href":"https:\/\/www.radiopresidenteibanez.cl\/web\/wp-json\/wp\/v2\/posts\/8879","targetHints":{"allow":["GET"]}}],"collection":[{"href":"https:\/\/www.radiopresidenteibanez.cl\/web\/wp-json\/wp\/v2\/posts"}],"about":[{"href":"https:\/\/www.radiopresidenteibanez.cl\/web\/wp-json\/wp\/v2\/types\/post"}],"author":[{"embeddable":true,"href":"https:\/\/www.radiopresidenteibanez.cl\/web\/wp-json\/wp\/v2\/users\/2"}],"replies":[{"embeddable":true,"href":"https:\/\/www.radiopresidenteibanez.cl\/web\/wp-json\/wp\/v2\/comments?post=8879"}],"version-history":[{"count":0,"href":"https:\/\/www.radiopresidenteibanez.cl\/web\/wp-json\/wp\/v2\/posts\/8879\/revisions"}],"wp:featuredmedia":[{"embeddable":true,"href":"https:\/\/www.radiopresidenteibanez.cl\/web\/wp-json\/wp\/v2\/media\/8880"}],"wp:attachment":[{"href":"https:\/\/www.radiopresidenteibanez.cl\/web\/wp-json\/wp\/v2\/media?parent=8879"}],"wp:term":[{"taxonomy":"category","embeddable":true,"href":"https:\/\/www.radiopresidenteibanez.cl\/web\/wp-json\/wp\/v2\/categories?post=8879"},{"taxonomy":"post_tag","embeddable":true,"href":"https:\/\/www.radiopresidenteibanez.cl\/web\/wp-json\/wp\/v2\/tags?post=8879"}],"curies":[{"name":"wp","href":"https:\/\/api.w.org\/{rel}","templated":true}]}}