{"id":8872,"date":"2020-01-08T15:16:12","date_gmt":"2020-01-08T15:16:12","guid":{"rendered":"https:\/\/www.radiopresidenteibanez.cl\/web\/?p=8872"},"modified":"2020-01-08T15:16:16","modified_gmt":"2020-01-08T15:16:16","slug":"puerto-natales-y-torres-del-paine-presentan-calendario-de-actividades-para-este-verano-2020","status":"publish","type":"post","link":"https:\/\/www.radiopresidenteibanez.cl\/web\/puerto-natales-y-torres-del-paine-presentan-calendario-de-actividades-para-este-verano-2020\/","title":{"rendered":"PUERTO NATALES Y TORRES DEL PAINE PRESENTAN CALENDARIO DE ACTIVIDADES PARA ESTE VERANO 2020"},"content":{"rendered":"\n<p>Hasta el hall de acceso de la\npiscina municipal de Natales lleg\u00f3 el alcalde de la comuna, Fernando Paredes\nMansilla, para encabezar el lanzamiento de la parrilla program\u00e1tica de este verano\nen \u00daltima Esperanza, cuyo fin es promover el turismo, la cultura, el deporte,\nla recreaci\u00f3n y el apoyo a los emprendedores de la ciudad.<\/p>\n\n\n\n<p>Los programas se llevar\u00e1n a cabo\ndurante enero y febrero, iniciando este fin de semana con el evento \u201cReviviendo\nla Tradici\u00f3n\u201d en la localidad de Seno Obstrucci\u00f3n. El mismo fin de semana,\nprecisamente el domingo 12 de enero se realizar\u00e1 la segunda versi\u00f3n de la\nprueba deportiva denominada \u201cRuta Mistraliana\u201d que une Puerto Natales y Cerro\nCastillo. Del 17 al 19 de enero se realizar\u00e1 la \u201cFiesta de la Cerveza\u201d en el centro\ncostumbrista chilote. El domingo 19 de enero se concretar\u00e1 la \u201cFiesta del\nCordero\u201d en la Estancia San Jorge, la que dar\u00e1 paso a la tradicional \u201cFiesta a\nla Chilena\u201d el 24, 25 y 26 del mismo mes en Cerro Castillo. El mes de enero\nfinalizar\u00e1 con la \u201cFeria de Artesan\u00eda y Turismo\u201d en el frontis del pueblo\nartesanal Etherh Aike y la \u201cCopa Australis\u201d en el Estadio Municipal V\u00edctor\nB\u00f3rquez Miranda del 28 al 30 de enero.<\/p>\n\n\n\n<p>El mes de febrero comenzar\u00e1 con\nla Expo Artesan\u00eda y Fomento \u201cVive el Verano\u201d que se desarrollar\u00e1 del 31 de\nenero al 02 de febrero en el Parque Eusebio Lillo, la cual incluir\u00e1 el domingo\n02 de febrero la \u201cFiesta del Minero\u201d. Uno de los puntos fuertes que se\nproducir\u00e1n en cultura ser\u00e1 el \u201cFestival de Cine Banff\u201d del 13 al 15 de febrero\nen el Gimnasio de la Escuela Libertador Bernardo O\u00b4Higgins. La \u00faltima actividad\nplanificada para el verano 2020 ser\u00e1 el \u201cFestival Internacional de Jineteadas\nde \u00daltima Esperanza\u201d en la Estancia San Jorge el mi\u00e9rcoles 15 y jueves 16 de\nfebrero, resaltando las tradiciones patag\u00f3nicas.<\/p>\n\n\n\n<p>El Alcalde de la comuna, Fernando\nParedes Mansilla, destac\u00f3 el apoyo de todas las instituciones p\u00fablicas y\nprivadas que permiten la realizaci\u00f3n de estas actividades. Adem\u00e1s, se\u00f1al\u00f3 que\nestos eventos generan oportunidades de entretenci\u00f3n para cada uno de los\nvecinos y ayudan al desarrollo de las pymes de Natales. Asimismo, recalc\u00f3 que\nya est\u00e1n disponibles m\u00faltiples cupos para los talleres y colonias de verano. \u201cYa\nestamos con nuestros talleres durante enero y febrero en la piscina municipal,\nla idea es atender a lo menos a unos 500 ni\u00f1os en distintos talleres\u201d.<\/p>\n\n\n\n<p>Al finalizar, cada agrupaci\u00f3n organizadora invit\u00f3 a la comunidad a participar de las actividades preparadas para cada uno de los habitantes de la regi\u00f3n de Magallanes, los cuales esperan recibir a miles de turistas esta temporada.<\/p>\n\n\n\n<figure class=\"wp-block-image size-large\"><img loading=\"lazy\" decoding=\"async\" width=\"704\" height=\"1024\" src=\"https:\/\/www.radiopresidenteibanez.cl\/web\/wp-content\/uploads\/2020\/01\/Calendario-Actividades-2020-1-704x1024.png\" alt=\"\" class=\"wp-image-8873\" srcset=\"https:\/\/www.radiopresidenteibanez.cl\/web\/wp-content\/uploads\/2020\/01\/Calendario-Actividades-2020-1-704x1024.png 704w, https:\/\/www.radiopresidenteibanez.cl\/web\/wp-content\/uploads\/2020\/01\/Calendario-Actividades-2020-1-206x300.png 206w, https:\/\/www.radiopresidenteibanez.cl\/web\/wp-content\/uploads\/2020\/01\/Calendario-Actividades-2020-1-768x1117.png 768w, https:\/\/www.radiopresidenteibanez.cl\/web\/wp-content\/uploads\/2020\/01\/Calendario-Actividades-2020-1-1056x1536.png 1056w, https:\/\/www.radiopresidenteibanez.cl\/web\/wp-content\/uploads\/2020\/01\/Calendario-Actividades-2020-1-1408x2048.png 1408w\" sizes=\"auto, (max-width: 704px) 100vw, 704px\" \/><\/figure>\n","protected":false},"excerpt":{"rendered":"<p>Hasta el hall de acceso de la piscina municipal de Natales lleg\u00f3 el alcalde de la comuna, Fernando Paredes Mansilla, para encabezar el lanzamiento de la parrilla program\u00e1tica de este&#8230; <a class=\"read-more\" href=\"https:\/\/www.radiopresidenteibanez.cl\/web\/puerto-natales-y-torres-del-paine-presentan-calendario-de-actividades-para-este-verano-2020\/\">Leer m\u00e1s<\/a><\/p>\n","protected":false},"author":2,"featured_media":8874,"comment_status":"closed","ping_status":"closed","sticky":false,"template":"","format":"standard","meta":{"footnotes":""},"categories":[4],"tags":[],"class_list":["post-8872","post","type-post","status-publish","format-standard","has-post-thumbnail","hentry","category-entretenimiento-y-cultura"],"_links":{"self":[{"href":"https:\/\/www.radiopresidenteibanez.cl\/web\/wp-json\/wp\/v2\/posts\/8872","targetHints":{"allow":["GET"]}}],"collection":[{"href":"https:\/\/www.radiopresidenteibanez.cl\/web\/wp-json\/wp\/v2\/posts"}],"about":[{"href":"https:\/\/www.radiopresidenteibanez.cl\/web\/wp-json\/wp\/v2\/types\/post"}],"author":[{"embeddable":true,"href":"https:\/\/www.radiopresidenteibanez.cl\/web\/wp-json\/wp\/v2\/users\/2"}],"replies":[{"embeddable":true,"href":"https:\/\/www.radiopresidenteibanez.cl\/web\/wp-json\/wp\/v2\/comments?post=8872"}],"version-history":[{"count":0,"href":"https:\/\/www.radiopresidenteibanez.cl\/web\/wp-json\/wp\/v2\/posts\/8872\/revisions"}],"wp:featuredmedia":[{"embeddable":true,"href":"https:\/\/www.radiopresidenteibanez.cl\/web\/wp-json\/wp\/v2\/media\/8874"}],"wp:attachment":[{"href":"https:\/\/www.radiopresidenteibanez.cl\/web\/wp-json\/wp\/v2\/media?parent=8872"}],"wp:term":[{"taxonomy":"category","embeddable":true,"href":"https:\/\/www.radiopresidenteibanez.cl\/web\/wp-json\/wp\/v2\/categories?post=8872"},{"taxonomy":"post_tag","embeddable":true,"href":"https:\/\/www.radiopresidenteibanez.cl\/web\/wp-json\/wp\/v2\/tags?post=8872"}],"curies":[{"name":"wp","href":"https:\/\/api.w.org\/{rel}","templated":true}]}}