{"id":8869,"date":"2020-01-08T15:05:11","date_gmt":"2020-01-08T15:05:11","guid":{"rendered":"https:\/\/www.radiopresidenteibanez.cl\/web\/?p=8869"},"modified":"2020-01-08T15:05:15","modified_gmt":"2020-01-08T15:05:15","slug":"seremi-del-trabajo-explica-proyecto-que-protege-el-empleo-y-mejora-seguro-de-cesantia","status":"publish","type":"post","link":"https:\/\/www.radiopresidenteibanez.cl\/web\/seremi-del-trabajo-explica-proyecto-que-protege-el-empleo-y-mejora-seguro-de-cesantia\/","title":{"rendered":"SEREMI DEL TRABAJO EXPLICA PROYECTO QUE PROTEGE EL EMPLEO Y MEJORA SEGURO DE CESANT\u00cdA"},"content":{"rendered":"\n<p>En la regi\u00f3n\nde Magallanes, de acuerdo al \u00faltimo informe de la Superintendencia de\nPensiones, cerca de 40 mil personas son cotizantes del Seguro de Cesant\u00eda y,\nactualmente, cerca de 2 mil personas reciben pago por prestaci\u00f3n de cesant\u00eda.\nPor ello, la Seremi del Trabajo, Victoria Cort\u00e9s Schiattino, explic\u00f3 esta\nma\u00f1ana en qu\u00e9 consiste el proyecto de ley ingresado por el gobierno el d\u00eda de\nayer (lunes) cuyo principal objetivo es proteger el empleo y que vendr\u00e1 a\nmejorar los beneficios del Seguro de Cesant\u00eda.<\/p>\n\n\n\n<p>En sus\npalabras, \u201cefectivamente, el d\u00eda de ayer, el Gobierno del Presidente Sebasti\u00e1n\nPi\u00f1era ingres\u00f3 con suma urgencia al Senado un nuevo proyecto de ley que busca\ndar protecci\u00f3n al empleo y fortalecer el Seguro de Cesant\u00eda, lo cual forma\nparte del plan de Recuperaci\u00f3n Econ\u00f3mica anunciado por nuestro Presidente\u201d.<\/p>\n\n\n\n<p>La idea de\neste proyecto liderado por el Ministerio del Trabajo, seg\u00fan explic\u00f3 Cort\u00e9s, es\nadelantarse al mayor impacto que pueda tener el estallido social en los puestos\nde trabajo mediante una serie de medidas que implicar\u00e1n el uso de parte de los\nrecursos del Fondo de Cesant\u00eda Solidario, as\u00ed como la rebaja de exigencias de\nacceso a \u00e9ste.<\/p>\n\n\n\n<p>\u201cSeg\u00fan\nexplic\u00f3 nuestra ministra, Mar\u00eda Jos\u00e9 Zald\u00edvar, desde mediados de octubre, a\nnivel nacional ya van m\u00e1s de 165 mil despidos por necesidades de la empresa. Aqu\u00ed\nen Magallanes, los datos hablan de un total de 1.048 despidos entre los meses\nde octubre, noviembre y diciembre por el mismo concepto, cifra que disminuy\u00f3\nconsiderablemente en el \u00faltimo mes del a\u00f1o, pero que, de todas formas, es una\ncifra alta y nos tiene preocupados, raz\u00f3n por la que se hace necesario el\ningreso de este proyecto\u201d, agreg\u00f3 la secretaria regional.<\/p>\n\n\n\n<p>El proyecto\nabarca dos objetivos al mismo tiempo. Por una parte, perfeccionar los\nbeneficios que entrega el seguro de cesant\u00eda y, por otro, evitar la cesant\u00eda de\nlos trabajadores a ra\u00edz de lo ocurrido en los \u00faltimos meses. <\/p>\n\n\n\n<p><strong>Medidas del proyecto<\/strong><\/p>\n\n\n\n<p>Entre las\nmedidas que contempla la iniciativa destaca que los empleadores y trabajadores\npodr\u00e1n pactar una reducci\u00f3n temporal de hasta el 50% de la jornada de trabajo,\nlo cual deber\u00e1 ser registrado electr\u00f3nicamente por la Direcci\u00f3n del Trabajo.<\/p>\n\n\n\n<p>En eso caso,\nexplic\u00f3 la autoridad, \u201cel trabajador tendr\u00e1 derecho a recibir la remuneraci\u00f3n\ncorrespondiente a la totalidad de la jornada reducida, la cual ser\u00e1 de cargo\ndel empleador, junto con un complemento que ser\u00e1 de cargo del llamado Fondo de\nCesant\u00eda Solidario, que lo que hace es compensar de manera parcial este menor\nsalario que perciba temporalmente producto de la reducci\u00f3n de su jornada de trabajo\npor hasta un 25% de su remuneraci\u00f3n imponible. Importante es se\u00f1alar que este\npacto puede durar como m\u00e1ximo 5 meses para los contratos indefinidos y tres\nmeses para los de plazo fijo\u201d.<\/p>\n\n\n\n<p>Para poder celebrar un pacto de reducci\u00f3n temporal, el\nempleador deber\u00e1 acreditar que el promedio de los ingresos de los \u00faltimos tres\nmeses anteriores haya disminuido en un porcentaje igual o superior al 10%\nrespecto del mismo per\u00edodo del a\u00f1o anterior; que haya tenido p\u00e9rdidas\ntributarias en la declaraci\u00f3n de impuesto a la renta 2020; se encuentre en un\nprocedimiento concursal de reorganizaci\u00f3n de la empresa deudora; y se encuentre\nen un procedimiento de asesor\u00eda econ\u00f3mica de insolvencia para Pymes.<\/p>\n\n\n\n<p>Por parte del trabajador, que tenga 10 cotizaciones,\ncontinuas o discontinuas, en los \u00faltimos 24 meses anteriores a la celebraci\u00f3n\ndel pacto. Las \u00faltimas 3 cotizaciones deben ser con un mismo empleador.<\/p>\n\n\n\n<p>As\u00ed, por ejemplo, si un trabajador\nrecibe $550.000 brutos mensuales (mediana salario cotizantes del seguro de\ncesant\u00eda); trabaja 45 horas a la semana, y pacta con su empleador la reducci\u00f3n\ndel 50% de su jornada de trabajo, tendr\u00e1 derecho a recibir $275.000 mensuales\nde cargo de su empleador, dado que trabaja la mitad de su jornada de trabajo y\n$137.500 con cargo al Fondo de Cesant\u00eda Solidario, equivalente al 25% de su\nremuneraci\u00f3n original, recibiendo, en consecuencia, un total de $412.500\nmensuales por trabajar la media jornada pactada.<\/p>\n\n\n\n<p>Sobre el mejoramiento del Seguro de\nCesant\u00eda, la autoridad explic\u00f3 que se rebajar\u00e1n los requisitos para acceder a\neste beneficio, disminuyendo el n\u00famero de cotizaciones m\u00ednimas que se exige y\nse aumentar\u00e1 la tasa de reemplazo en 10 puntos porcentuales.<\/p>\n","protected":false},"excerpt":{"rendered":"<p>En la regi\u00f3n de Magallanes, de acuerdo al \u00faltimo informe de la Superintendencia de Pensiones, cerca de 40 mil personas son cotizantes del Seguro de Cesant\u00eda y, actualmente, cerca de&#8230; <a class=\"read-more\" href=\"https:\/\/www.radiopresidenteibanez.cl\/web\/seremi-del-trabajo-explica-proyecto-que-protege-el-empleo-y-mejora-seguro-de-cesantia\/\">Leer m\u00e1s<\/a><\/p>\n","protected":false},"author":2,"featured_media":8870,"comment_status":"closed","ping_status":"closed","sticky":false,"template":"","format":"standard","meta":{"footnotes":""},"categories":[1],"tags":[],"class_list":["post-8869","post","type-post","status-publish","format-standard","has-post-thumbnail","hentry","category-cronica"],"_links":{"self":[{"href":"https:\/\/www.radiopresidenteibanez.cl\/web\/wp-json\/wp\/v2\/posts\/8869","targetHints":{"allow":["GET"]}}],"collection":[{"href":"https:\/\/www.radiopresidenteibanez.cl\/web\/wp-json\/wp\/v2\/posts"}],"about":[{"href":"https:\/\/www.radiopresidenteibanez.cl\/web\/wp-json\/wp\/v2\/types\/post"}],"author":[{"embeddable":true,"href":"https:\/\/www.radiopresidenteibanez.cl\/web\/wp-json\/wp\/v2\/users\/2"}],"replies":[{"embeddable":true,"href":"https:\/\/www.radiopresidenteibanez.cl\/web\/wp-json\/wp\/v2\/comments?post=8869"}],"version-history":[{"count":0,"href":"https:\/\/www.radiopresidenteibanez.cl\/web\/wp-json\/wp\/v2\/posts\/8869\/revisions"}],"wp:featuredmedia":[{"embeddable":true,"href":"https:\/\/www.radiopresidenteibanez.cl\/web\/wp-json\/wp\/v2\/media\/8870"}],"wp:attachment":[{"href":"https:\/\/www.radiopresidenteibanez.cl\/web\/wp-json\/wp\/v2\/media?parent=8869"}],"wp:term":[{"taxonomy":"category","embeddable":true,"href":"https:\/\/www.radiopresidenteibanez.cl\/web\/wp-json\/wp\/v2\/categories?post=8869"},{"taxonomy":"post_tag","embeddable":true,"href":"https:\/\/www.radiopresidenteibanez.cl\/web\/wp-json\/wp\/v2\/tags?post=8869"}],"curies":[{"name":"wp","href":"https:\/\/api.w.org\/{rel}","templated":true}]}}